{"id":136,"date":"2019-12-04T11:27:17","date_gmt":"2019-12-04T14:27:17","guid":{"rendered":"https:\/\/serviir.com.br\/blog\/?p=136"},"modified":"2020-04-09T15:20:05","modified_gmt":"2020-04-09T18:20:05","slug":"virada-inclusiva","status":"publish","type":"post","link":"https:\/\/serviir.com.br\/novosite\/virada-inclusiva\/","title":{"rendered":"Virada Inclusiva"},"content":{"rendered":"<p class=\"responsive-video-wrap clr\"><iframe loading=\"lazy\" title=\"Virada Inclusiva\" width=\"1200\" height=\"675\" src=\"https:\/\/www.youtube.com\/embed\/0Gw67JHyY9I?feature=oembed\" frameborder=\"0\" allow=\"accelerometer; autoplay; clipboard-write; encrypted-media; gyroscope; picture-in-picture\" allowfullscreen><\/iframe><\/p>\n<p><strong>10\u00aa Virada Inclusiva &#8211; Participa\u00e7\u00e3o Plena &#8211; 2019<\/strong><\/p>\n<p>A Virada Inclusiva \u00e9 um evento idealizado pela Secretaria de Estado dos Direitos da Pessoa com Defici\u00eancia (SEDPcD), por meio do Memorial da Inclus\u00e3o que conta com uma ampla rede de parceiros e colaboradores, dos mais diversos setores, que realizam in\u00fameras atividades culturais, esportivas e de lazer, que formam uma programa\u00e7\u00e3o gratuita e acess\u00edvel em todo o estado de S\u00e3o Paulo, em uma grande celebra\u00e7\u00e3o da diversidade humana.<\/p>\n<p>A Virada Inclusiva \u00e9 realizada no m\u00eas de dezembro, pois no dia 3 \u00e9 celebrado o Dia Internacional Da Pessoa Com Defici\u00eancia. O evento tem o intento de mobilizar os direitos culturais das pessoas com defici\u00eancia, \u00e9 um movimento cont\u00ednuo de ressignifica\u00e7\u00e3o da sociedade e de mudan\u00e7a de paradigma nas rela\u00e7\u00f5es sociais e intera\u00e7\u00e3o com o meio ambiente.<\/p>\n<p>Em 2019, entre os dias 29 de novembro a 03 de dezembro a d\u00e9cima edi\u00e7\u00e3o do evento ser\u00e1 realizada com in\u00fameras atividades culturais, esportivas e de recrea\u00e7\u00e3o nas ruas, pra\u00e7as, parques, museus, teatros, salas, centro culturais, bibliotecas, metr\u00f4 e demais espa\u00e7os coletivos, p\u00fablicos e privados, na capital e munic\u00edpios no estado de S\u00e3o Paulo.<\/p>\n<p>A VIRADA INCLUSIVA cresce a cada ano, sinal de que cada vez mais pessoas est\u00e3o aderindo ao movimento pela inclus\u00e3o da pessoa com defici\u00eancia. Isso \u00e9 fruto do trabalho de todos os nossos parceiros que acreditaram ser poss\u00edvel realizar atividades para todas as pessoas, tenham elas defici\u00eancia ou n\u00e3o.<\/p>\n<p>Chegamos \u00e0 10\u00aa edi\u00e7\u00e3o com resultados positivos e com certeza esse ano n\u00e3o ser\u00e1 diferente. Envie sua programa\u00e7\u00e3o para que todo o estado de S\u00e3o Paulo saiba como ser\u00e1 celebrado esse dia t\u00e3o importante na hist\u00f3ria da inclus\u00e3o da pessoa com defici\u00eancia.<\/p>\n<p><strong>Fique atento \u00e0 programa\u00e7\u00e3o que ser\u00e1 de 29\/11 a 03\/12\/2019<\/strong><\/p>\n<p><em>Fonte: <a href=\"http:\/\/memorialdainclusao.org.br\/viradainclusiva\/\">http:\/\/memorialdainclusao.org.br\/viradainclusiva\/<\/a><\/em><\/p>\n","protected":false},"excerpt":{"rendered":"<p>10\u00aa Virada Inclusiva &#8211; Participa\u00e7\u00e3o Plena &#8211; 2019 A Virada Inclusiva \u00e9 um evento idealizado pela Secretaria de Estado dos Direitos da Pessoa com Defici\u00eancia (SEDPcD), por meio do Memorial da Inclus\u00e3o que conta com uma ampla rede de parceiros e colaboradores, dos mais diversos setores, que realizam in\u00fameras atividades culturais, esportivas e de lazer, [&hellip;]<\/p>\n","protected":false},"author":3,"featured_media":492,"comment_status":"open","ping_status":"open","sticky":false,"template":"","format":"standard","meta":{"footnotes":""},"categories":[4],"tags":[],"class_list":["post-136","post","type-post","status-publish","format-standard","has-post-thumbnail","hentry","category-agenda-cultural-e-entretenimento","entry","has-media"],"_links":{"self":[{"href":"https:\/\/serviir.com.br\/novosite\/wp-json\/wp\/v2\/posts\/136","targetHints":{"allow":["GET"]}}],"collection":[{"href":"https:\/\/serviir.com.br\/novosite\/wp-json\/wp\/v2\/posts"}],"about":[{"href":"https:\/\/serviir.com.br\/novosite\/wp-json\/wp\/v2\/types\/post"}],"author":[{"embeddable":true,"href":"https:\/\/serviir.com.br\/novosite\/wp-json\/wp\/v2\/users\/3"}],"replies":[{"embeddable":true,"href":"https:\/\/serviir.com.br\/novosite\/wp-json\/wp\/v2\/comments?post=136"}],"version-history":[{"count":3,"href":"https:\/\/serviir.com.br\/novosite\/wp-json\/wp\/v2\/posts\/136\/revisions"}],"predecessor-version":[{"id":165,"href":"https:\/\/serviir.com.br\/novosite\/wp-json\/wp\/v2\/posts\/136\/revisions\/165"}],"wp:featuredmedia":[{"embeddable":true,"href":"https:\/\/serviir.com.br\/novosite\/wp-json\/wp\/v2\/media\/492"}],"wp:attachment":[{"href":"https:\/\/serviir.com.br\/novosite\/wp-json\/wp\/v2\/media?parent=136"}],"wp:term":[{"taxonomy":"category","embeddable":true,"href":"https:\/\/serviir.com.br\/novosite\/wp-json\/wp\/v2\/categories?post=136"},{"taxonomy":"post_tag","embeddable":true,"href":"https:\/\/serviir.com.br\/novosite\/wp-json\/wp\/v2\/tags?post=136"}],"curies":[{"name":"wp","href":"https:\/\/api.w.org\/{rel}","templated":true}]}}