{"id":161,"date":"2019-12-05T16:58:42","date_gmt":"2019-12-05T19:58:42","guid":{"rendered":"https:\/\/serviir.com.br\/blog\/?p=161"},"modified":"2020-04-09T15:20:59","modified_gmt":"2020-04-09T18:20:59","slug":"cancer-de-mama","status":"publish","type":"post","link":"https:\/\/serviir.com.br\/novosite\/cancer-de-mama\/","title":{"rendered":"C\u00e2ncer de Mama"},"content":{"rendered":"<p class=\"responsive-video-wrap clr\"><iframe loading=\"lazy\" title=\"C\u00e2ncer de Mama\" width=\"1200\" height=\"675\" src=\"https:\/\/www.youtube.com\/embed\/Jy4KM4j_RfI?feature=oembed\" frameborder=\"0\" allow=\"accelerometer; autoplay; clipboard-write; encrypted-media; gyroscope; picture-in-picture\" allowfullscreen><\/iframe><\/p>\n<p><strong>O que \u00e9 c\u00e2ncer de mama?<\/strong><\/p>\n<p>\u00c9 um tumor que acontece da multiplica\u00e7\u00e3o de c\u00e9lulas anormais da mama. Alguns evoluem rapidamente; outros n\u00e3o. A maioria dos casos tem boa resposta ao tratamento, principalmente quando diagnosticado no in\u00edcio.<\/p>\n<p>O que causa o c\u00e2ncer de mama? Fatores hormonais, ambientais, comportamentais e gen\u00e9ticos aumentam o risco de desenvolver a doen\u00e7a. O risco aumenta com a idade, sendo maior a partir dos 50 anos.<\/p>\n<p>Quais s\u00e3o os sinais e sintomas? Caro\u00e7o (n\u00f3dulo) fixo, endurecido e geralmente indolor. \u00c9 a principal manifesta\u00e7\u00e3o da doen\u00e7a.Altera\u00e7\u00f5es no bico do peito (mamilo). Sa\u00edda espont\u00e2nea de l\u00edquido de um dos mamilos.Pequenos n\u00f3dulos no pesco\u00e7o ou na regi\u00e3o embaixo dos bra\u00e7os (axilas). Pele da mama vermelha ou parecida com casca de laranja.<\/p>\n<p>O que \u00e9 mamografia? \u00c9 a radiografia das mamas feita por aparelho de Raios-X. Tamb\u00e9m \u00e9 feito o exame de an\u00e1lise laboratorial de uma pequena parte da les\u00e3o retirada por meio de bi\u00f3psia.<\/p>\n<p>Quem deve fazer mamografia periodicamente? Recomenda-se que mulheres de 50 a 69 anos tenham acesso \u00e0 mamografia de rotina a cada dois anos.<\/p>\n<p>Como as mulheres podem realizar os exames? Elas devem procurar o posto de sa\u00fade mais perto de casa para serem orientadas e encaminhadas.<\/p>\n<p>E qual \u00e9 a orienta\u00e7\u00e3o para as mulheres com hist\u00f3ria familiar de c\u00e2ncer de mama? Mulheres que tenham m\u00e3e, irm\u00e3 ou filha com hist\u00f3ria de c\u00e2ncer de mama antes dos 50 anos ou de c\u00e2ncer de ov\u00e1rio (em qualquer idade) devem conversar com o m\u00e9dico para avaliar seu risco e decidir a conduta a seguir.O c\u00e2ncer de mama heredit\u00e1rio, relacionado \u00e0 altera\u00e7\u00e3o gen\u00e9tica transmitida na fam\u00edlia, representa apenas de 5 a 10% do total de casos.<\/p>\n<p>\u00c9 poss\u00edvel reduzir o risco de desenvolver c\u00e2ncer de mama? Sim. Manter o peso corporal adequado, praticar atividade f\u00edsica e evitar o consumo de bebidas alco\u00f3licas. Amamentar tamb\u00e9m \u00e9 um fator de prote\u00e7\u00e3o.<\/p>\n<p><em>Fonte: <a href=\"https:\/\/www.inca.gov.br\/sites\/ufu.sti.inca.local\/files\/\/media\/document\/\/folder-cancer-mama-vamos-falar-sobre-isso-2019.pdf\" target=\"_blank\" rel=\"noopener noreferrer\">https:\/\/www.inca.gov.br\/sites\/ufu.sti.inca.local\/files\/\/media\/document\/\/folder-cancer-mama-vamos-falar-sobre-isso-2019.pdf<\/a><\/em><\/p>\n","protected":false},"excerpt":{"rendered":"<p>O que \u00e9 c\u00e2ncer de mama? \u00c9 um tumor que acontece da multiplica\u00e7\u00e3o de c\u00e9lulas anormais da mama. Alguns evoluem rapidamente; outros n\u00e3o. A maioria dos casos tem boa resposta ao tratamento, principalmente quando diagnosticado no in\u00edcio. O que causa o c\u00e2ncer de mama? Fatores hormonais, ambientais, comportamentais e gen\u00e9ticos aumentam o risco de desenvolver [&hellip;]<\/p>\n","protected":false},"author":3,"featured_media":491,"comment_status":"open","ping_status":"open","sticky":false,"template":"","format":"standard","meta":{"footnotes":""},"categories":[1],"tags":[],"class_list":["post-161","post","type-post","status-publish","format-standard","has-post-thumbnail","hentry","category-saude-e-bem-estar","entry","has-media"],"_links":{"self":[{"href":"https:\/\/serviir.com.br\/novosite\/wp-json\/wp\/v2\/posts\/161","targetHints":{"allow":["GET"]}}],"collection":[{"href":"https:\/\/serviir.com.br\/novosite\/wp-json\/wp\/v2\/posts"}],"about":[{"href":"https:\/\/serviir.com.br\/novosite\/wp-json\/wp\/v2\/types\/post"}],"author":[{"embeddable":true,"href":"https:\/\/serviir.com.br\/novosite\/wp-json\/wp\/v2\/users\/3"}],"replies":[{"embeddable":true,"href":"https:\/\/serviir.com.br\/novosite\/wp-json\/wp\/v2\/comments?post=161"}],"version-history":[{"count":1,"href":"https:\/\/serviir.com.br\/novosite\/wp-json\/wp\/v2\/posts\/161\/revisions"}],"predecessor-version":[{"id":162,"href":"https:\/\/serviir.com.br\/novosite\/wp-json\/wp\/v2\/posts\/161\/revisions\/162"}],"wp:featuredmedia":[{"embeddable":true,"href":"https:\/\/serviir.com.br\/novosite\/wp-json\/wp\/v2\/media\/491"}],"wp:attachment":[{"href":"https:\/\/serviir.com.br\/novosite\/wp-json\/wp\/v2\/media?parent=161"}],"wp:term":[{"taxonomy":"category","embeddable":true,"href":"https:\/\/serviir.com.br\/novosite\/wp-json\/wp\/v2\/categories?post=161"},{"taxonomy":"post_tag","embeddable":true,"href":"https:\/\/serviir.com.br\/novosite\/wp-json\/wp\/v2\/tags?post=161"}],"curies":[{"name":"wp","href":"https:\/\/api.w.org\/{rel}","templated":true}]}}