{"id":197,"date":"2019-12-27T13:00:02","date_gmt":"2019-12-27T16:00:02","guid":{"rendered":"https:\/\/serviir.com.br\/blog\/?p=197"},"modified":"2021-03-12T13:51:47","modified_gmt":"2021-03-12T16:51:47","slug":"pinacoteca","status":"publish","type":"post","link":"https:\/\/serviir.com.br\/novosite\/pinacoteca\/","title":{"rendered":"Pinacoteca"},"content":{"rendered":"<p class=\"responsive-video-wrap clr\"><iframe loading=\"lazy\" title=\"Pinacoteca\" width=\"1200\" height=\"675\" src=\"https:\/\/www.youtube.com\/embed\/qhh71wnriX0?feature=oembed\" frameborder=\"0\" allow=\"accelerometer; autoplay; clipboard-write; encrypted-media; gyroscope; picture-in-picture\" allowfullscreen><\/iframe><\/p>\n<p>A Pinacoteca de Sa\u0303o Paulo e\u0301 um museu de artes visuais com e\u0302nfase na produc\u0327a\u0303o brasileira do se\u0301culo XIX ate\u0301 a contemporaneidade.<br \/>\nFundada em 1905 pelo\u202fGoverno do Estado de Sa\u0303o Paulo\u202fe\u0301 o museu de arte mais antigo da cidade.<\/p>\n<p>Ela esta\u0301 instalada no antigo edifi\u0301cio do Liceu de Artes e Ofi\u0301cios, projetado no final do se\u0301culo XIX pelo escrito\u0301rio do arquiteto Ramos de Azevedo, que depois passou por uma ampla reforma com projeto do arquiteto Paulo Mendes da Rocha no final da de\u0301cada de 1990.<\/p>\n<p>Criado para o visitante surdo, a Pinacoteca possui o vi\u0301deoguia, que e\u0301 apresentado em LIBRAS (Li\u0301ngua Brasileira de Sinais) com legendas em portugue\u0302s e esta\u0301 dividido em 17 faixas que contemplam as salas da exposic\u0327a\u0303o de longa durac\u0327a\u0303o\u202fArte no Brasil: Uma histo\u0301ria na Pinacoteca de Sa\u0303o Paulo\u202fe a\u202fGaleria Ta\u0301til de Esculturas Brasileiras, localizadas no 2o. andar do museu.<\/p>\n<p>O\u202fvideoguia\u202ffica dispon\u00edvel online no nosso\u202fcanal no Youtube,\u202fpodendo ser acessado de qualquer dispositivo com acesso a internet. O museu disp\u00f5e de Wifi em todo o pr\u00e9dio para o uso da aplica\u00e7\u00e3o.<\/p>\n<p>Fonte e Mais informa\u00e7\u00f5es em: Site Pinacoteca e <a href=\"http:\/\/pinacoteca.org.br\/visite\/video-e-audio-guia\/\" target=\"_blank\" rel=\"noopener noreferrer\">http:\/\/pinacoteca.org.br\/visite\/video-e-audio-guia\/<\/a><\/p>\n","protected":false},"excerpt":{"rendered":"<p>A Pinacoteca de Sa\u0303o Paulo e\u0301 um museu de artes visuais com e\u0302nfase na produc\u0327a\u0303o brasileira do se\u0301culo XIX ate\u0301 a contemporaneidade. Fundada em 1905 pelo\u202fGoverno do Estado de Sa\u0303o Paulo\u202fe\u0301 o museu de arte mais antigo da cidade. Ela esta\u0301 instalada no antigo edifi\u0301cio do Liceu de Artes e Ofi\u0301cios, projetado no final do [&hellip;]<\/p>\n","protected":false},"author":3,"featured_media":492,"comment_status":"open","ping_status":"open","sticky":false,"template":"","format":"standard","meta":{"footnotes":""},"categories":[4],"tags":[],"class_list":["post-197","post","type-post","status-publish","format-standard","has-post-thumbnail","hentry","category-agenda-cultural-e-entretenimento","entry","has-media"],"_links":{"self":[{"href":"https:\/\/serviir.com.br\/novosite\/wp-json\/wp\/v2\/posts\/197","targetHints":{"allow":["GET"]}}],"collection":[{"href":"https:\/\/serviir.com.br\/novosite\/wp-json\/wp\/v2\/posts"}],"about":[{"href":"https:\/\/serviir.com.br\/novosite\/wp-json\/wp\/v2\/types\/post"}],"author":[{"embeddable":true,"href":"https:\/\/serviir.com.br\/novosite\/wp-json\/wp\/v2\/users\/3"}],"replies":[{"embeddable":true,"href":"https:\/\/serviir.com.br\/novosite\/wp-json\/wp\/v2\/comments?post=197"}],"version-history":[{"count":1,"href":"https:\/\/serviir.com.br\/novosite\/wp-json\/wp\/v2\/posts\/197\/revisions"}],"predecessor-version":[{"id":198,"href":"https:\/\/serviir.com.br\/novosite\/wp-json\/wp\/v2\/posts\/197\/revisions\/198"}],"wp:featuredmedia":[{"embeddable":true,"href":"https:\/\/serviir.com.br\/novosite\/wp-json\/wp\/v2\/media\/492"}],"wp:attachment":[{"href":"https:\/\/serviir.com.br\/novosite\/wp-json\/wp\/v2\/media?parent=197"}],"wp:term":[{"taxonomy":"category","embeddable":true,"href":"https:\/\/serviir.com.br\/novosite\/wp-json\/wp\/v2\/categories?post=197"},{"taxonomy":"post_tag","embeddable":true,"href":"https:\/\/serviir.com.br\/novosite\/wp-json\/wp\/v2\/tags?post=197"}],"curies":[{"name":"wp","href":"https:\/\/api.w.org\/{rel}","templated":true}]}}