{"id":251,"date":"2020-02-04T17:21:05","date_gmt":"2020-02-04T20:21:05","guid":{"rendered":"https:\/\/serviir.com.br\/blog\/?p=251"},"modified":"2020-04-09T15:26:43","modified_gmt":"2020-04-09T18:26:43","slug":"251-2","status":"publish","type":"post","link":"https:\/\/serviir.com.br\/novosite\/251-2\/","title":{"rendered":"Dia Mundial do C\u00e2ncer"},"content":{"rendered":"<p class=\"responsive-video-wrap clr\"><iframe loading=\"lazy\" title=\"Dia Mundia do C\u00e2ncer 2020\" width=\"1200\" height=\"675\" src=\"https:\/\/www.youtube.com\/embed\/ukit1PQjN14?feature=oembed\" frameborder=\"0\" allow=\"accelerometer; autoplay; clipboard-write; encrypted-media; gyroscope; picture-in-picture\" allowfullscreen><\/iframe><\/p>\n<p><strong>Dia Mundial do C\u00e2ncer<\/strong><\/p>\n<p>O Dia Mundial do C\u00e2ncer, 4 de fevereiro, \u00e9 uma iniciativa global organizada pela Uni\u00e3o Internacional para o Controle do C\u00e2ncer (UICC) com o apoio da Organiza\u00e7\u00e3o Mundial da Sa\u00fade (OMS).<\/p>\n<p>Criada em 2000, por meio da Carta de Paris contra o c\u00e2ncer, a data tem como objetivo aumentar a conscientiza\u00e7\u00e3o e a educa\u00e7\u00e3o mundial sobre a doen\u00e7a, al\u00e9m de influenciar governos e indiv\u00edduos para que se mobilizem pelo controle do c\u00e2ncer evitando, assim, milh\u00f5es de mortes a cada ano.<\/p>\n<p>Em 2020, o Dia Mundial do C\u00e2ncer (4 de fevereiro) completa 20 anos. A campanha seguir\u00e1 com o tema #IAmAndIWill (#EuSoueEuVou), proposto pela Uni\u00e3o Internacional para o Controle do C\u00e2ncer (UICC), de 2019 a 2021. Para celebrar a data, o INCA lan\u00e7a a publica\u00e7\u00e3o Estimativa 2020: Incid\u00eancia de C\u00e2ncer no Brasil.<\/p>\n<p>Fontes:<br \/>\n<a href=\"https:\/\/www.inca.gov.br\/campanhas\/dia-mundial-do-c%C3%A2ncer\">https:\/\/www.inca.gov.br\/campanhas\/dia-mundial-do-c%C3%A2ncer<\/a><br \/>\n<a href=\"https:\/\/www.inca.gov.br\/campanhas\/dia-mundial-do-cancer\/2020\/dia-mundial-do-cancer-2020\">https:\/\/www.inca.gov.br\/campanhas\/dia-mundial-do-cancer\/2020\/dia-mundial-do-cancer-2020<\/a><\/p>\n","protected":false},"excerpt":{"rendered":"<p>Dia Mundial do C\u00e2ncer O Dia Mundial do C\u00e2ncer, 4 de fevereiro, \u00e9 uma iniciativa global organizada pela Uni\u00e3o Internacional para o Controle do C\u00e2ncer (UICC) com o apoio da Organiza\u00e7\u00e3o Mundial da Sa\u00fade (OMS). Criada em 2000, por meio da Carta de Paris contra o c\u00e2ncer, a data tem como objetivo aumentar a conscientiza\u00e7\u00e3o [&hellip;]<\/p>\n","protected":false},"author":3,"featured_media":491,"comment_status":"open","ping_status":"open","sticky":false,"template":"","format":"standard","meta":{"footnotes":""},"categories":[1],"tags":[],"class_list":["post-251","post","type-post","status-publish","format-standard","has-post-thumbnail","hentry","category-saude-e-bem-estar","entry","has-media"],"_links":{"self":[{"href":"https:\/\/serviir.com.br\/novosite\/wp-json\/wp\/v2\/posts\/251","targetHints":{"allow":["GET"]}}],"collection":[{"href":"https:\/\/serviir.com.br\/novosite\/wp-json\/wp\/v2\/posts"}],"about":[{"href":"https:\/\/serviir.com.br\/novosite\/wp-json\/wp\/v2\/types\/post"}],"author":[{"embeddable":true,"href":"https:\/\/serviir.com.br\/novosite\/wp-json\/wp\/v2\/users\/3"}],"replies":[{"embeddable":true,"href":"https:\/\/serviir.com.br\/novosite\/wp-json\/wp\/v2\/comments?post=251"}],"version-history":[{"count":2,"href":"https:\/\/serviir.com.br\/novosite\/wp-json\/wp\/v2\/posts\/251\/revisions"}],"predecessor-version":[{"id":254,"href":"https:\/\/serviir.com.br\/novosite\/wp-json\/wp\/v2\/posts\/251\/revisions\/254"}],"wp:featuredmedia":[{"embeddable":true,"href":"https:\/\/serviir.com.br\/novosite\/wp-json\/wp\/v2\/media\/491"}],"wp:attachment":[{"href":"https:\/\/serviir.com.br\/novosite\/wp-json\/wp\/v2\/media?parent=251"}],"wp:term":[{"taxonomy":"category","embeddable":true,"href":"https:\/\/serviir.com.br\/novosite\/wp-json\/wp\/v2\/categories?post=251"},{"taxonomy":"post_tag","embeddable":true,"href":"https:\/\/serviir.com.br\/novosite\/wp-json\/wp\/v2\/tags?post=251"}],"curies":[{"name":"wp","href":"https:\/\/api.w.org\/{rel}","templated":true}]}}