{"id":262,"date":"2020-02-10T12:48:04","date_gmt":"2020-02-10T15:48:04","guid":{"rendered":"https:\/\/serviir.com.br\/blog\/?p=262"},"modified":"2020-04-09T15:27:37","modified_gmt":"2020-04-09T18:27:37","slug":"convite-para-live-20-02-2020-tema-saude-e-sexualidade","status":"publish","type":"post","link":"https:\/\/serviir.com.br\/novosite\/convite-para-live-20-02-2020-tema-saude-e-sexualidade\/","title":{"rendered":"Convite para LIVE 20\/02\/2020 &#8211; Tema: Sa\u00fade e Sexualidade."},"content":{"rendered":"<p class=\"responsive-video-wrap clr\"><iframe loading=\"lazy\" title=\"Convite para LIVE 20\/02\/2020 - Tema: Sa\u00fade e Sexualidade.\" width=\"1200\" height=\"675\" src=\"https:\/\/www.youtube.com\/embed\/U_Hq0YzzHtk?feature=oembed\" frameborder=\"0\" allow=\"accelerometer; autoplay; clipboard-write; encrypted-media; gyroscope; picture-in-picture\" allowfullscreen><\/iframe><\/p>\n<p>Ol\u00e1 surdos! Tudo bem? Meu sinal \u00e9 esse e meu nome \u00e9 Thain\u00e1.<\/p>\n<p>Trabalho na empresa Serviir &#8211; Servi\u00e7o de V\u00eddeo Interpreta\u00e7\u00e3o Remota, uma empresa que promove a comunica\u00e7\u00e3o entre pessoas Surdas e Ouvintes atrav\u00e9s de v\u00eddeo interpreta\u00e7\u00e3o.<\/p>\n<p>Temos um convite especial para voc\u00eas, dia 20 de fevereiro teremos um bate papo com a presen\u00e7a de uma enfermeira com o tema: Sa\u00fade e Sexualidade.<\/p>\n<p>As 19h receberemos 15 surdos na nossa empresa com um lanche no endere\u00e7o R. Jandiatuba, 630 cj. 540\/541-A, Vila Andrade, Morumbi, SP.<\/p>\n<p>As 20h iniciaremos nossa Live para todo Brasil com transmiss\u00e3o pelo Facebook: <a href=\"https:\/\/www.facebook.com\/serviir\/\">https:\/\/www.facebook.com\/serviir\/<\/a><\/p>\n<p>Inscri\u00e7\u00f5es presenciais pelo link:<\/p>\n<p><a href=\"https:\/\/forms.gle\/YuXENAbGhkriBa1eA\">https:\/\/forms.gle\/YuXENAbGhkriBa1eA<\/a><\/p>\n<p>Vamos Serviir juntos?<\/p>\n","protected":false},"excerpt":{"rendered":"<p>Ol\u00e1 surdos! Tudo bem? Meu sinal \u00e9 esse e meu nome \u00e9 Thain\u00e1. Trabalho na empresa Serviir &#8211; Servi\u00e7o de V\u00eddeo Interpreta\u00e7\u00e3o Remota, uma empresa que promove a comunica\u00e7\u00e3o entre pessoas Surdas e Ouvintes atrav\u00e9s de v\u00eddeo interpreta\u00e7\u00e3o. Temos um convite especial para voc\u00eas, dia 20 de fevereiro teremos um bate papo com a presen\u00e7a [&hellip;]<\/p>\n","protected":false},"author":3,"featured_media":491,"comment_status":"open","ping_status":"open","sticky":false,"template":"","format":"standard","meta":{"footnotes":""},"categories":[1],"tags":[],"class_list":["post-262","post","type-post","status-publish","format-standard","has-post-thumbnail","hentry","category-saude-e-bem-estar","entry","has-media"],"_links":{"self":[{"href":"https:\/\/serviir.com.br\/novosite\/wp-json\/wp\/v2\/posts\/262","targetHints":{"allow":["GET"]}}],"collection":[{"href":"https:\/\/serviir.com.br\/novosite\/wp-json\/wp\/v2\/posts"}],"about":[{"href":"https:\/\/serviir.com.br\/novosite\/wp-json\/wp\/v2\/types\/post"}],"author":[{"embeddable":true,"href":"https:\/\/serviir.com.br\/novosite\/wp-json\/wp\/v2\/users\/3"}],"replies":[{"embeddable":true,"href":"https:\/\/serviir.com.br\/novosite\/wp-json\/wp\/v2\/comments?post=262"}],"version-history":[{"count":2,"href":"https:\/\/serviir.com.br\/novosite\/wp-json\/wp\/v2\/posts\/262\/revisions"}],"predecessor-version":[{"id":266,"href":"https:\/\/serviir.com.br\/novosite\/wp-json\/wp\/v2\/posts\/262\/revisions\/266"}],"wp:featuredmedia":[{"embeddable":true,"href":"https:\/\/serviir.com.br\/novosite\/wp-json\/wp\/v2\/media\/491"}],"wp:attachment":[{"href":"https:\/\/serviir.com.br\/novosite\/wp-json\/wp\/v2\/media?parent=262"}],"wp:term":[{"taxonomy":"category","embeddable":true,"href":"https:\/\/serviir.com.br\/novosite\/wp-json\/wp\/v2\/categories?post=262"},{"taxonomy":"post_tag","embeddable":true,"href":"https:\/\/serviir.com.br\/novosite\/wp-json\/wp\/v2\/tags?post=262"}],"curies":[{"name":"wp","href":"https:\/\/api.w.org\/{rel}","templated":true}]}}