{"id":429,"date":"2020-03-16T18:03:21","date_gmt":"2020-03-16T21:03:21","guid":{"rendered":"https:\/\/serviir.com.br\/blog\/?p=429"},"modified":"2020-04-09T15:34:30","modified_gmt":"2020-04-09T18:34:30","slug":"preconceito-contra-surdos","status":"publish","type":"post","link":"https:\/\/serviir.com.br\/novosite\/preconceito-contra-surdos\/","title":{"rendered":"Preconceito contra Surdos"},"content":{"rendered":"<p class=\"responsive-video-wrap clr\"><iframe loading=\"lazy\" title=\"Preconceito contra Surdos\" width=\"1200\" height=\"675\" src=\"https:\/\/www.youtube.com\/embed\/YzGYbMNxBW0?feature=oembed\" frameborder=\"0\" allow=\"accelerometer; autoplay; clipboard-write; encrypted-media; gyroscope; picture-in-picture\" allowfullscreen><\/iframe><\/p>\n<p><strong>Preconceito contra Surdos <\/strong><\/p>\n<p>Capacitismo \u00e9 o nome do preconceito contra pessoas que tem algum tipo de defici\u00eancia. \u00c9 uma atitude preconceituosa em virtude da sua capacidade funcional. <\/p>\n<p>O Surdo sofre diversos tipos de preconceito, vamos falar hoje de forma breve sobre preconceito Social e Profissional. <\/p>\n<p>Para come\u00e7ar: os Surdos n\u00e3o s\u00e3o mudos \u2013 a Surdez n\u00e3o tem nenhuma rela\u00e7\u00e3o com a Mudez. Pelo fato de n\u00e3o ouvirem, muitos Surdos n\u00e3o desenvolvem a linguagem oral. <\/p>\n<p>Ser Surdo n\u00e3o \u00e9 ser incompleto, \u00e9 simplesmente se comunicar de uma forma diferente dos Ouvintes. <\/p>\n<p>Dizer para um Surdo que ele \u2018n\u00e3o parece Surdo\u2019 n\u00e3o t\u00e1 com nada e n\u00e3o faz nenhum sentido. <\/p>\n<p>No mercado de trabalho, infelizmente, muitos Surdos ainda sofrem discrimina\u00e7\u00e3o. Pesquisas apontam que Surdos sofrem com bullying e discrimina\u00e7\u00e3o e, muitas vezes, acabam sendo impedidos de realizar suas fun\u00e7\u00f5es, mesmo tenho forma\u00e7\u00e3o e experi\u00eancia para o cargo. <\/p>\n<p><strong>A Serviir repudia qualquer tipo de discrimina\u00e7\u00e3o e desrespeito com qualquer pessoa. <\/strong><\/p>\n","protected":false},"excerpt":{"rendered":"<p>Preconceito contra Surdos Capacitismo \u00e9 o nome do preconceito contra pessoas que tem algum tipo de defici\u00eancia. \u00c9 uma atitude preconceituosa em virtude da sua capacidade funcional. O Surdo sofre diversos tipos de preconceito, vamos falar hoje de forma breve sobre preconceito Social e Profissional. Para come\u00e7ar: os Surdos n\u00e3o s\u00e3o mudos \u2013 a Surdez [&hellip;]<\/p>\n","protected":false},"author":3,"featured_media":493,"comment_status":"open","ping_status":"open","sticky":false,"template":"","format":"standard","meta":{"footnotes":""},"categories":[3],"tags":[],"class_list":["post-429","post","type-post","status-publish","format-standard","has-post-thumbnail","hentry","category-atualidades-do-brasil-e-do-mundo","entry","has-media"],"_links":{"self":[{"href":"https:\/\/serviir.com.br\/novosite\/wp-json\/wp\/v2\/posts\/429","targetHints":{"allow":["GET"]}}],"collection":[{"href":"https:\/\/serviir.com.br\/novosite\/wp-json\/wp\/v2\/posts"}],"about":[{"href":"https:\/\/serviir.com.br\/novosite\/wp-json\/wp\/v2\/types\/post"}],"author":[{"embeddable":true,"href":"https:\/\/serviir.com.br\/novosite\/wp-json\/wp\/v2\/users\/3"}],"replies":[{"embeddable":true,"href":"https:\/\/serviir.com.br\/novosite\/wp-json\/wp\/v2\/comments?post=429"}],"version-history":[{"count":2,"href":"https:\/\/serviir.com.br\/novosite\/wp-json\/wp\/v2\/posts\/429\/revisions"}],"predecessor-version":[{"id":437,"href":"https:\/\/serviir.com.br\/novosite\/wp-json\/wp\/v2\/posts\/429\/revisions\/437"}],"wp:featuredmedia":[{"embeddable":true,"href":"https:\/\/serviir.com.br\/novosite\/wp-json\/wp\/v2\/media\/493"}],"wp:attachment":[{"href":"https:\/\/serviir.com.br\/novosite\/wp-json\/wp\/v2\/media?parent=429"}],"wp:term":[{"taxonomy":"category","embeddable":true,"href":"https:\/\/serviir.com.br\/novosite\/wp-json\/wp\/v2\/categories?post=429"},{"taxonomy":"post_tag","embeddable":true,"href":"https:\/\/serviir.com.br\/novosite\/wp-json\/wp\/v2\/tags?post=429"}],"curies":[{"name":"wp","href":"https:\/\/api.w.org\/{rel}","templated":true}]}}