{"id":431,"date":"2020-03-16T19:03:48","date_gmt":"2020-03-16T22:03:48","guid":{"rendered":"https:\/\/serviir.com.br\/blog\/?p=431"},"modified":"2020-04-09T15:34:44","modified_gmt":"2020-04-09T18:34:44","slug":"museu-do-amanha-do-rio-de-janeiro","status":"publish","type":"post","link":"https:\/\/serviir.com.br\/novosite\/museu-do-amanha-do-rio-de-janeiro\/","title":{"rendered":"Museu do Amanh\u00e3 do Rio de Janeiro"},"content":{"rendered":"<p class=\"responsive-video-wrap clr\"><iframe loading=\"lazy\" title=\"Museu do Amanh\u00e3 do Rio de Janeiro\" width=\"1200\" height=\"675\" src=\"https:\/\/www.youtube.com\/embed\/Q8lrcvBHBK0?feature=oembed\" frameborder=\"0\" allow=\"accelerometer; autoplay; clipboard-write; encrypted-media; gyroscope; picture-in-picture\" allowfullscreen><\/iframe><\/p>\n<p>O <strong>Museu do Amanh\u00e3<\/strong> oferece visita em Libras, para a Exposi\u00e7\u00e3o Principal ou para as Exposi\u00e7\u00f5es Tempor\u00e1rias.<br \/>\nAs visitas s\u00e3o destinadas ao p\u00fablico espont\u00e2neo, que comparece sem agendamento.<br \/>\nCada visita dura em torno de um hora.<br \/>\nDurante o percurso pela exposi\u00e7\u00e3o, um guia educador do Museu conversa sobre, os conceitos e assuntos diversos acerca de um mesmo tema:<br \/>\nO impacto das a\u00e7\u00f5es humanas sobre o planeta.   <\/p>\n<p>Mais informa\u00e7\u00f5es em:<br \/>\n<a href=\"https:\/\/museudoamanha.org.br\/pt-br\/trilhar-os-amanhas-em-libras\" rel=\"noopener noreferrer\" target=\"_blank\">https:\/\/museudoamanha.org.br\/pt-br\/trilhar-os-amanhas-em-libras<\/a><\/p>\n<p>M\u00fasica<br \/>\nCello Suite No. 1 in G Major, BWV 1007: I. Prelude<br \/>\nArtista<br \/>\nRalph Kirshbaum<br \/>\nLicenciado para o YouTube por<br \/>\nWMG; Public Domain Compositions e 4 associa\u00e7\u00f5es de direitos musicais<\/p>\n","protected":false},"excerpt":{"rendered":"<p>O Museu do Amanh\u00e3 oferece visita em Libras, para a Exposi\u00e7\u00e3o Principal ou para as Exposi\u00e7\u00f5es Tempor\u00e1rias. As visitas s\u00e3o destinadas ao p\u00fablico espont\u00e2neo, que comparece sem agendamento. Cada visita dura em torno de um hora. Durante o percurso pela exposi\u00e7\u00e3o, um guia educador do Museu conversa sobre, os conceitos e assuntos diversos acerca de [&hellip;]<\/p>\n","protected":false},"author":3,"featured_media":493,"comment_status":"open","ping_status":"open","sticky":false,"template":"","format":"standard","meta":{"footnotes":""},"categories":[3],"tags":[],"class_list":["post-431","post","type-post","status-publish","format-standard","has-post-thumbnail","hentry","category-atualidades-do-brasil-e-do-mundo","entry","has-media"],"_links":{"self":[{"href":"https:\/\/serviir.com.br\/novosite\/wp-json\/wp\/v2\/posts\/431","targetHints":{"allow":["GET"]}}],"collection":[{"href":"https:\/\/serviir.com.br\/novosite\/wp-json\/wp\/v2\/posts"}],"about":[{"href":"https:\/\/serviir.com.br\/novosite\/wp-json\/wp\/v2\/types\/post"}],"author":[{"embeddable":true,"href":"https:\/\/serviir.com.br\/novosite\/wp-json\/wp\/v2\/users\/3"}],"replies":[{"embeddable":true,"href":"https:\/\/serviir.com.br\/novosite\/wp-json\/wp\/v2\/comments?post=431"}],"version-history":[{"count":6,"href":"https:\/\/serviir.com.br\/novosite\/wp-json\/wp\/v2\/posts\/431\/revisions"}],"predecessor-version":[{"id":438,"href":"https:\/\/serviir.com.br\/novosite\/wp-json\/wp\/v2\/posts\/431\/revisions\/438"}],"wp:featuredmedia":[{"embeddable":true,"href":"https:\/\/serviir.com.br\/novosite\/wp-json\/wp\/v2\/media\/493"}],"wp:attachment":[{"href":"https:\/\/serviir.com.br\/novosite\/wp-json\/wp\/v2\/media?parent=431"}],"wp:term":[{"taxonomy":"category","embeddable":true,"href":"https:\/\/serviir.com.br\/novosite\/wp-json\/wp\/v2\/categories?post=431"},{"taxonomy":"post_tag","embeddable":true,"href":"https:\/\/serviir.com.br\/novosite\/wp-json\/wp\/v2\/tags?post=431"}],"curies":[{"name":"wp","href":"https:\/\/api.w.org\/{rel}","templated":true}]}}