{"id":44,"date":"2019-11-21T16:11:56","date_gmt":"2019-11-21T19:11:56","guid":{"rendered":"https:\/\/serviir.com.br\/blog\/?p=44"},"modified":"2020-04-09T15:19:21","modified_gmt":"2020-04-09T18:19:21","slug":"leis-e-direitos-dos-surdos","status":"publish","type":"post","link":"https:\/\/serviir.com.br\/novosite\/leis-e-direitos-dos-surdos\/","title":{"rendered":"Leis e Direitos dos Surdos"},"content":{"rendered":"<p class=\"responsive-video-wrap clr\"><iframe loading=\"lazy\" title=\"Leis e Direitos dos Surdos\" width=\"1200\" height=\"675\" src=\"https:\/\/www.youtube.com\/embed\/7Dc2dHxrD7E?feature=oembed\" frameborder=\"0\" allow=\"accelerometer; autoplay; clipboard-write; encrypted-media; gyroscope; picture-in-picture\" allowfullscreen><\/iframe><\/p>\n<p><strong>Existem diversas leis que asseguram os direitos da popula\u00e7\u00e3o Surda no Brasil.<\/strong><\/p>\n<p>\u00c9 importante pesquisar e se informar sobre elas.<br \/>\nVamos listar aqui as principais e alguns links para mais informa\u00e7\u00f5es sobre o assunto.<\/p>\n<p><strong>Decreto n\u00ba 5626 que regulamenta a Lei n\u00ba 10.436<\/strong><\/p>\n<p><strong>Ele apresenta uma s\u00e9rie de direitos aos Surdos, como:<\/strong><br \/>\n&#8211; Inclus\u00e3o da Libras como disciplina curricular<br \/>\n&#8211; Sobre a forma\u00e7\u00e3o do professor de libras e do instrutor de libras<br \/>\n&#8211; O uso e difus\u00e3o da libras e da l\u00edngua portuguesa para o<\/p>\n<p><strong>Acesso das pessoas surdas \u00e0 educa\u00e7\u00e3o<\/strong><br \/>\n&#8211; A forma\u00e7\u00e3o do tradutor e int\u00e9rprete de Libras &#8211; l\u00edngua portuguesa<br \/>\n&#8211; A garantia do direito \u00e0 sa\u00fade e \u00e0 educa\u00e7\u00e3o das pessoas surdas ou<\/p>\n<p><strong>Com defici\u00eancia auditiva<\/strong><br \/>\n&#8211; Do papel do poder p\u00fablico e das empresas que det\u00eam concess\u00e3o ou permiss\u00e3o de servi\u00e7os p\u00fablicos, no apoio ao uso e difus\u00e3o da libras<\/p>\n<p><em>Fonte: <a href=\"http:\/\/www.planalto.gov.br\/ccivil_03\/_Ato2004-2006\/2005\/Decreto\/D5626.htm\">http:\/\/www.planalto.gov.br\/ccivil_03\/_Ato2004-2006\/2005\/Decreto\/D5626.htm<\/a><\/em><\/p>\n","protected":false},"excerpt":{"rendered":"<p>Existem diversas leis que asseguram os direitos da popula\u00e7\u00e3o Surda no Brasil. \u00c9 importante pesquisar e se informar sobre elas. Vamos listar aqui as principais e alguns links para mais informa\u00e7\u00f5es sobre o assunto. Decreto n\u00ba 5626 que regulamenta a Lei n\u00ba 10.436 Ele apresenta uma s\u00e9rie de direitos aos Surdos, como: &#8211; Inclus\u00e3o da [&hellip;]<\/p>\n","protected":false},"author":3,"featured_media":493,"comment_status":"open","ping_status":"open","sticky":false,"template":"","format":"standard","meta":{"footnotes":""},"categories":[3],"tags":[],"class_list":["post-44","post","type-post","status-publish","format-standard","has-post-thumbnail","hentry","category-atualidades-do-brasil-e-do-mundo","entry","has-media"],"_links":{"self":[{"href":"https:\/\/serviir.com.br\/novosite\/wp-json\/wp\/v2\/posts\/44","targetHints":{"allow":["GET"]}}],"collection":[{"href":"https:\/\/serviir.com.br\/novosite\/wp-json\/wp\/v2\/posts"}],"about":[{"href":"https:\/\/serviir.com.br\/novosite\/wp-json\/wp\/v2\/types\/post"}],"author":[{"embeddable":true,"href":"https:\/\/serviir.com.br\/novosite\/wp-json\/wp\/v2\/users\/3"}],"replies":[{"embeddable":true,"href":"https:\/\/serviir.com.br\/novosite\/wp-json\/wp\/v2\/comments?post=44"}],"version-history":[{"count":13,"href":"https:\/\/serviir.com.br\/novosite\/wp-json\/wp\/v2\/posts\/44\/revisions"}],"predecessor-version":[{"id":168,"href":"https:\/\/serviir.com.br\/novosite\/wp-json\/wp\/v2\/posts\/44\/revisions\/168"}],"wp:featuredmedia":[{"embeddable":true,"href":"https:\/\/serviir.com.br\/novosite\/wp-json\/wp\/v2\/media\/493"}],"wp:attachment":[{"href":"https:\/\/serviir.com.br\/novosite\/wp-json\/wp\/v2\/media?parent=44"}],"wp:term":[{"taxonomy":"category","embeddable":true,"href":"https:\/\/serviir.com.br\/novosite\/wp-json\/wp\/v2\/categories?post=44"},{"taxonomy":"post_tag","embeddable":true,"href":"https:\/\/serviir.com.br\/novosite\/wp-json\/wp\/v2\/tags?post=44"}],"curies":[{"name":"wp","href":"https:\/\/api.w.org\/{rel}","templated":true}]}}