{"id":506,"date":"2020-04-13T16:02:00","date_gmt":"2020-04-13T19:02:00","guid":{"rendered":"https:\/\/serviir.com.br\/blog\/?p=506"},"modified":"2020-04-13T16:02:00","modified_gmt":"2020-04-13T19:02:00","slug":"o-que-e-o-auxilio-emergencial-e-quem-tem-direito","status":"publish","type":"post","link":"https:\/\/serviir.com.br\/novosite\/o-que-e-o-auxilio-emergencial-e-quem-tem-direito\/","title":{"rendered":"O que \u00e9 o aux\u00edlio emergencial e quem tem direito?"},"content":{"rendered":"<p><a href=\"https:\/\/youtu.be\/ywEiNMfF3AA\">https:\/\/youtu.be\/ywEiNMfF3AA<\/a><\/p>\n<p><strong>O que \u00e9 o aux\u00edlio emergencial e quem tem direito? <\/strong><\/p>\n<p>O aux\u00edlio de R$ 600 \u00e9 um benef\u00edcio aprovado pela C\u00e2mara dos Deputados e pelo Senado para auxiliar cidad\u00e3os sem renda no pa\u00eds diante da pandemia do Coronav\u00edrus.<\/p>\n<p>O dinheiro ser\u00e1 pago por at\u00e9 tr\u00eas meses, conforme calend\u00e1rio estabelecido pelo governo. <\/p>\n<p>Segundo as regras, podem receber o benef\u00edcio:<br \/>\n* As pessoas inscritas no Bolsa Fam\u00edlia<br \/>\n* Quem \u00e9 MEI (Microempreendedor Individual)<br \/>\n* Contribuintes individuais do INSS<br \/>\n* Pessoas inscritas no Cadastro \u00danico at\u00e9 20 de mar\u00e7o deste ano<br \/>\n* Informais sem nenhuma renda e fora dos cadastros do governo que fizerem uma autodeclara\u00e7\u00e3o <\/p>\n<p>Tamb\u00e9m \u00e9 preciso:<br \/>\n* Ter mais de 18 anos<br \/>\n* Ser de fam\u00edlia em que a renda, por pessoa, \u00e9 de at\u00e9 meio sal\u00e1rio m\u00ednimo (R$ 522,50) ou que a renda familiar mensal total seja de at\u00e9 tr\u00eas sal\u00e1rios m\u00ednimos (R$ 3.135).<\/p>\n","protected":false},"excerpt":{"rendered":"<p>O que \u00e9 o aux\u00edlio emergencial e quem tem direito? O aux\u00edlio de R$ 600 \u00e9 um benef\u00edcio aprovado pela C\u00e2mara dos Deputados e pelo Senado para auxiliar cidad\u00e3os sem renda no pa\u00eds diante da pandemia do Coronav\u00edrus. O dinheiro ser\u00e1 pago por at\u00e9 tr\u00eas meses, conforme calend\u00e1rio estabelecido pelo governo. Segundo as regras, podem [&hellip;]<\/p>\n","protected":false},"author":3,"featured_media":493,"comment_status":"open","ping_status":"open","sticky":false,"template":"","format":"standard","meta":{"footnotes":""},"categories":[3],"tags":[],"class_list":["post-506","post","type-post","status-publish","format-standard","has-post-thumbnail","hentry","category-atualidades-do-brasil-e-do-mundo","entry","has-media"],"_links":{"self":[{"href":"https:\/\/serviir.com.br\/novosite\/wp-json\/wp\/v2\/posts\/506","targetHints":{"allow":["GET"]}}],"collection":[{"href":"https:\/\/serviir.com.br\/novosite\/wp-json\/wp\/v2\/posts"}],"about":[{"href":"https:\/\/serviir.com.br\/novosite\/wp-json\/wp\/v2\/types\/post"}],"author":[{"embeddable":true,"href":"https:\/\/serviir.com.br\/novosite\/wp-json\/wp\/v2\/users\/3"}],"replies":[{"embeddable":true,"href":"https:\/\/serviir.com.br\/novosite\/wp-json\/wp\/v2\/comments?post=506"}],"version-history":[{"count":1,"href":"https:\/\/serviir.com.br\/novosite\/wp-json\/wp\/v2\/posts\/506\/revisions"}],"predecessor-version":[{"id":507,"href":"https:\/\/serviir.com.br\/novosite\/wp-json\/wp\/v2\/posts\/506\/revisions\/507"}],"wp:featuredmedia":[{"embeddable":true,"href":"https:\/\/serviir.com.br\/novosite\/wp-json\/wp\/v2\/media\/493"}],"wp:attachment":[{"href":"https:\/\/serviir.com.br\/novosite\/wp-json\/wp\/v2\/media?parent=506"}],"wp:term":[{"taxonomy":"category","embeddable":true,"href":"https:\/\/serviir.com.br\/novosite\/wp-json\/wp\/v2\/categories?post=506"},{"taxonomy":"post_tag","embeddable":true,"href":"https:\/\/serviir.com.br\/novosite\/wp-json\/wp\/v2\/tags?post=506"}],"curies":[{"name":"wp","href":"https:\/\/api.w.org\/{rel}","templated":true}]}}