{"id":511,"date":"2020-04-28T16:16:08","date_gmt":"2020-04-28T19:16:08","guid":{"rendered":"https:\/\/serviir.com.br\/blog\/?p=511"},"modified":"2020-04-28T16:16:08","modified_gmt":"2020-04-28T19:16:08","slug":"nova-prorrogacao-da-quarentena-em-sao-paulo","status":"publish","type":"post","link":"https:\/\/serviir.com.br\/novosite\/nova-prorrogacao-da-quarentena-em-sao-paulo\/","title":{"rendered":"Nova Prorroga\u00e7\u00e3o da Quarentena em S\u00e3o Paulo"},"content":{"rendered":"<p class=\"responsive-video-wrap clr\"><iframe loading=\"lazy\" title=\"Nova Prorroga\u00e7\u00e3o da Quarentena em S\u00e3o Paulo\" width=\"1200\" height=\"675\" src=\"https:\/\/www.youtube.com\/embed\/6m-V0BaWENA?feature=oembed\" frameborder=\"0\" allow=\"accelerometer; autoplay; clipboard-write; encrypted-media; gyroscope; picture-in-picture\" allowfullscreen><\/iframe><\/p>\n<p>O governo de S\u00e3o Paulo estendeu a quarentena do Covid-19 at\u00e9 dia 10 de maio de 2020. <\/p>\n<p>A justificativa para esse prolongamento \u00e9 retardar o n\u00famero de casos da doen\u00e7a, evitando assim que todos adoe\u00e7am ao mesmo tempo. O que pode impactar na disponibilidade de leitos p\u00fablicos e privados, incluindo leitos de UTI. A medida foi embasada conforme explicou o governador Jo\u00e3o Doria, em an\u00e1lise de especialistas e experi\u00eancia de outros pa\u00edses. Muitos estados brasileiros seguiram nessa linha de isolamento. <\/p>\n<p>Entenda a diferen\u00e7a de isolamentos: <\/p>\n<p>Isolamento vertical e horizontal e na verdade um distanciamento social, que busca reduzir a circula\u00e7\u00e3o de pessoas e com isso a diminui\u00e7\u00e3o de uma determinada doen\u00e7a, que no caso e o Covid-19. No isolamento vertical, apenas os grupos mais vulner\u00e1veis \u00e0 doen\u00e7a s\u00e3o isolados.  J\u00e1 no isolamento horizontal, h\u00e1 uma maior restri\u00e7\u00e3o na circula\u00e7\u00e3o de pessoas, ocorrendo o fechamento de estabelecimentos, por exemplo escolas e servi\u00e7os n\u00e3o essenciais. <\/p>\n<p>Apesar de haver defensores do isolamento vertical, segundo a OMS \u2013 Organiza\u00e7\u00e3o Mundial de Sade, o isolamento horizontal \u00e9 o ideal para conter a dissemina\u00e7\u00e3o acelerada do Cd-19.<\/p>\n","protected":false},"excerpt":{"rendered":"<p>O governo de S\u00e3o Paulo estendeu a quarentena do Covid-19 at\u00e9 dia 10 de maio de 2020. A justificativa para esse prolongamento \u00e9 retardar o n\u00famero de casos da doen\u00e7a, evitando assim que todos adoe\u00e7am ao mesmo tempo. O que pode impactar na disponibilidade de leitos p\u00fablicos e privados, incluindo leitos de UTI. A medida [&hellip;]<\/p>\n","protected":false},"author":3,"featured_media":491,"comment_status":"open","ping_status":"open","sticky":false,"template":"","format":"standard","meta":{"footnotes":""},"categories":[1],"tags":[],"class_list":["post-511","post","type-post","status-publish","format-standard","has-post-thumbnail","hentry","category-saude-e-bem-estar","entry","has-media"],"_links":{"self":[{"href":"https:\/\/serviir.com.br\/novosite\/wp-json\/wp\/v2\/posts\/511","targetHints":{"allow":["GET"]}}],"collection":[{"href":"https:\/\/serviir.com.br\/novosite\/wp-json\/wp\/v2\/posts"}],"about":[{"href":"https:\/\/serviir.com.br\/novosite\/wp-json\/wp\/v2\/types\/post"}],"author":[{"embeddable":true,"href":"https:\/\/serviir.com.br\/novosite\/wp-json\/wp\/v2\/users\/3"}],"replies":[{"embeddable":true,"href":"https:\/\/serviir.com.br\/novosite\/wp-json\/wp\/v2\/comments?post=511"}],"version-history":[{"count":1,"href":"https:\/\/serviir.com.br\/novosite\/wp-json\/wp\/v2\/posts\/511\/revisions"}],"predecessor-version":[{"id":512,"href":"https:\/\/serviir.com.br\/novosite\/wp-json\/wp\/v2\/posts\/511\/revisions\/512"}],"wp:featuredmedia":[{"embeddable":true,"href":"https:\/\/serviir.com.br\/novosite\/wp-json\/wp\/v2\/media\/491"}],"wp:attachment":[{"href":"https:\/\/serviir.com.br\/novosite\/wp-json\/wp\/v2\/media?parent=511"}],"wp:term":[{"taxonomy":"category","embeddable":true,"href":"https:\/\/serviir.com.br\/novosite\/wp-json\/wp\/v2\/categories?post=511"},{"taxonomy":"post_tag","embeddable":true,"href":"https:\/\/serviir.com.br\/novosite\/wp-json\/wp\/v2\/tags?post=511"}],"curies":[{"name":"wp","href":"https:\/\/api.w.org\/{rel}","templated":true}]}}