{"id":513,"date":"2020-04-28T16:17:30","date_gmt":"2020-04-28T19:17:30","guid":{"rendered":"https:\/\/serviir.com.br\/blog\/?p=513"},"modified":"2020-04-28T16:17:30","modified_gmt":"2020-04-28T19:17:30","slug":"passos-importantes-para-o-cuidado-com-as-mascaras-faciais","status":"publish","type":"post","link":"https:\/\/serviir.com.br\/novosite\/passos-importantes-para-o-cuidado-com-as-mascaras-faciais\/","title":{"rendered":"Passos importantes para o cuidado com as m\u00e1scaras faciais"},"content":{"rendered":"<p class=\"responsive-video-wrap clr\"><iframe loading=\"lazy\" title=\"Passos importantes para o cuidado com as m\u00e1scaras faciais\" width=\"1200\" height=\"675\" src=\"https:\/\/www.youtube.com\/embed\/wuj9o6fyvlA?feature=oembed\" frameborder=\"0\" allow=\"accelerometer; autoplay; clipboard-write; encrypted-media; gyroscope; picture-in-picture\" allowfullscreen><\/iframe><\/p>\n<p>O Minist\u00e9rio da Sa\u00fade lan\u00e7ou uma Nota T\u00e9cnica sobre o uso de m\u00e1scaras caseiras. Os seguintes cuidados devem ser utilizados: <\/p>\n<p>1. O uso da m\u00e1scara caseira \u00e9 individual, n\u00e3o devendo ser compartilhada entre familiares, amigos e outros;<br \/>\n2. Coloque a m\u00e1scara com cuidado para cobrir a boca e nariz e amarre com seguran\u00e7a para minimizar os espa\u00e7os entre o rosto e a m\u00e1scara;<br \/>\n3. Enquanto estiver utilizando a m\u00e1scara, evite toc\u00e1-la na rua, n\u00e3o fique ajustando a m\u00e1scara na rua;<br \/>\n4. Ao chegar em casa, lave as m\u00e3os com \u00e1gua e sab\u00e3o, secando-as bem, antes de retirar a m\u00e1scara;<br \/>\n5. Remova a m\u00e1scara pegando pelo la\u00e7o ou n\u00f3 da parte traseira, evitando de tocar na parte da frente;<br \/>\n6. Fa\u00e7a a imers\u00e3o da m\u00e1scara em recipiente com \u00e1gua pot\u00e1vel e \u00e1gua sanit\u00e1ria;<br \/>\n7. Ap\u00f3s o tempo de imers\u00e3o, realizar o enx\u00e1gue em \u00e1gua corrente e lavar com \u00e1gua e sab\u00e3o;<br \/>\n8. Ap\u00f3s lavar a m\u00e1scara, a pessoa deve higienizar as m\u00e3os com \u00e1gua e sab\u00e3o;<br \/>\n9. A m\u00e1scara deve estar seca para sua reutiliza\u00e7\u00e3o;<br \/>\n10. Ap\u00f3s secagem da m\u00e1scara utilize o com ferro quente e acondicionar em saco pl\u00e1stico;<br \/>\n11. Trocar a m\u00e1scara sempre que apresentar sujidades ou umidade;<br \/>\n12. Descartar a m\u00e1scara sempre que apresentar sinais de deteriora\u00e7\u00e3o ou funcionalidade comprometida;<br \/>\n13. Aos sinais de desgaste da m\u00e1scara deve ser inutilizada e nova m\u00e1scara deve ser feita.<\/p>\n","protected":false},"excerpt":{"rendered":"<p>O Minist\u00e9rio da Sa\u00fade lan\u00e7ou uma Nota T\u00e9cnica sobre o uso de m\u00e1scaras caseiras. Os seguintes cuidados devem ser utilizados: 1. O uso da m\u00e1scara caseira \u00e9 individual, n\u00e3o devendo ser compartilhada entre familiares, amigos e outros; 2. Coloque a m\u00e1scara com cuidado para cobrir a boca e nariz e amarre com seguran\u00e7a para minimizar [&hellip;]<\/p>\n","protected":false},"author":3,"featured_media":491,"comment_status":"open","ping_status":"open","sticky":false,"template":"","format":"standard","meta":{"footnotes":""},"categories":[1],"tags":[],"class_list":["post-513","post","type-post","status-publish","format-standard","has-post-thumbnail","hentry","category-saude-e-bem-estar","entry","has-media"],"_links":{"self":[{"href":"https:\/\/serviir.com.br\/novosite\/wp-json\/wp\/v2\/posts\/513","targetHints":{"allow":["GET"]}}],"collection":[{"href":"https:\/\/serviir.com.br\/novosite\/wp-json\/wp\/v2\/posts"}],"about":[{"href":"https:\/\/serviir.com.br\/novosite\/wp-json\/wp\/v2\/types\/post"}],"author":[{"embeddable":true,"href":"https:\/\/serviir.com.br\/novosite\/wp-json\/wp\/v2\/users\/3"}],"replies":[{"embeddable":true,"href":"https:\/\/serviir.com.br\/novosite\/wp-json\/wp\/v2\/comments?post=513"}],"version-history":[{"count":1,"href":"https:\/\/serviir.com.br\/novosite\/wp-json\/wp\/v2\/posts\/513\/revisions"}],"predecessor-version":[{"id":514,"href":"https:\/\/serviir.com.br\/novosite\/wp-json\/wp\/v2\/posts\/513\/revisions\/514"}],"wp:featuredmedia":[{"embeddable":true,"href":"https:\/\/serviir.com.br\/novosite\/wp-json\/wp\/v2\/media\/491"}],"wp:attachment":[{"href":"https:\/\/serviir.com.br\/novosite\/wp-json\/wp\/v2\/media?parent=513"}],"wp:term":[{"taxonomy":"category","embeddable":true,"href":"https:\/\/serviir.com.br\/novosite\/wp-json\/wp\/v2\/categories?post=513"},{"taxonomy":"post_tag","embeddable":true,"href":"https:\/\/serviir.com.br\/novosite\/wp-json\/wp\/v2\/tags?post=513"}],"curies":[{"name":"wp","href":"https:\/\/api.w.org\/{rel}","templated":true}]}}