{"id":515,"date":"2020-04-28T16:18:35","date_gmt":"2020-04-28T19:18:35","guid":{"rendered":"https:\/\/serviir.com.br\/blog\/?p=515"},"modified":"2020-04-28T16:18:35","modified_gmt":"2020-04-28T19:18:35","slug":"cuidados-importantes-para-o-uso-de-mascaras","status":"publish","type":"post","link":"https:\/\/serviir.com.br\/novosite\/cuidados-importantes-para-o-uso-de-mascaras\/","title":{"rendered":"Cuidados importantes para o uso de m\u00e1scaras"},"content":{"rendered":"<p class=\"responsive-video-wrap clr\"><iframe loading=\"lazy\" title=\"Cuidados importantes para o uso de m\u00e1scaras\" width=\"1200\" height=\"675\" src=\"https:\/\/www.youtube.com\/embed\/Ai4gtTNu25w?feature=oembed\" frameborder=\"0\" allow=\"accelerometer; autoplay; clipboard-write; encrypted-media; gyroscope; picture-in-picture\" allowfullscreen><\/iframe><\/p>\n<p>Cuidados importantes para uso de m\u00e1scaras:  <\/p>\n<p>Uma recente publica\u00e7\u00e3o do CDC \u2013 Centro de Controle de Doen\u00e7a considerou a possibilidade de recomendar as m\u00e1scaras faciais para o p\u00fablico em geral. As m\u00e1scaras de tecido devem ser as escolhidas, e n\u00e3o usar m\u00e1scaras hospitalares, como as descart\u00e1veis e a N95 ( tipo respirador facial ), que j\u00e1 est\u00e3o com dificuldades de ser adquiridas pelos  servi\u00e7os de sa\u00fade.  <\/p>\n<p>Nessa publica\u00e7\u00e3o , os especialistas alertam que o uso de m\u00e1scaras n\u00e3o devem substituir outras medidas importantes, como o distanciamento social e a higieniza\u00e7\u00e3o das m\u00e3os.  <\/p>\n<p>No munic\u00edpio de S\u00e3o Paulo, o Decreto n\u00ba 59.360, de 15 de abril de 2020 recomenda o uso de m\u00e1scara de prote\u00e7\u00e3o facial pela popula\u00e7\u00e3o do mun\u00edcipio de S\u00e3o Paulo como meio complementar de preven\u00e7\u00e3o ao Coronav\u00edrus. V\u00e1rias cidades adotaram essas medidas, como Salvador, Manaus, Belo Horizonte, Rio de Janeiro, entre outras. <\/p>\n<p>A forma de ajustar a mascara e o cuidado para colocar e retirar devem ser observados.  <\/p>\n<p>Lave as m\u00e3os  <\/p>\n<p>Ajuste a mascara de  forma a cobrir toda a face<\/p>\n<p>Retire segurando na parte de traz <\/p>\n<p>Lave as m\u00e3os ap\u00f3s a retirada<\/p>\n","protected":false},"excerpt":{"rendered":"<p>Cuidados importantes para uso de m\u00e1scaras: Uma recente publica\u00e7\u00e3o do CDC \u2013 Centro de Controle de Doen\u00e7a considerou a possibilidade de recomendar as m\u00e1scaras faciais para o p\u00fablico em geral. As m\u00e1scaras de tecido devem ser as escolhidas, e n\u00e3o usar m\u00e1scaras hospitalares, como as descart\u00e1veis e a N95 ( tipo respirador facial ), que [&hellip;]<\/p>\n","protected":false},"author":3,"featured_media":491,"comment_status":"open","ping_status":"open","sticky":false,"template":"","format":"standard","meta":{"footnotes":""},"categories":[1],"tags":[],"class_list":["post-515","post","type-post","status-publish","format-standard","has-post-thumbnail","hentry","category-saude-e-bem-estar","entry","has-media"],"_links":{"self":[{"href":"https:\/\/serviir.com.br\/novosite\/wp-json\/wp\/v2\/posts\/515","targetHints":{"allow":["GET"]}}],"collection":[{"href":"https:\/\/serviir.com.br\/novosite\/wp-json\/wp\/v2\/posts"}],"about":[{"href":"https:\/\/serviir.com.br\/novosite\/wp-json\/wp\/v2\/types\/post"}],"author":[{"embeddable":true,"href":"https:\/\/serviir.com.br\/novosite\/wp-json\/wp\/v2\/users\/3"}],"replies":[{"embeddable":true,"href":"https:\/\/serviir.com.br\/novosite\/wp-json\/wp\/v2\/comments?post=515"}],"version-history":[{"count":1,"href":"https:\/\/serviir.com.br\/novosite\/wp-json\/wp\/v2\/posts\/515\/revisions"}],"predecessor-version":[{"id":516,"href":"https:\/\/serviir.com.br\/novosite\/wp-json\/wp\/v2\/posts\/515\/revisions\/516"}],"wp:featuredmedia":[{"embeddable":true,"href":"https:\/\/serviir.com.br\/novosite\/wp-json\/wp\/v2\/media\/491"}],"wp:attachment":[{"href":"https:\/\/serviir.com.br\/novosite\/wp-json\/wp\/v2\/media?parent=515"}],"wp:term":[{"taxonomy":"category","embeddable":true,"href":"https:\/\/serviir.com.br\/novosite\/wp-json\/wp\/v2\/categories?post=515"},{"taxonomy":"post_tag","embeddable":true,"href":"https:\/\/serviir.com.br\/novosite\/wp-json\/wp\/v2\/tags?post=515"}],"curies":[{"name":"wp","href":"https:\/\/api.w.org\/{rel}","templated":true}]}}