{"id":541,"date":"2020-05-28T17:38:02","date_gmt":"2020-05-28T20:38:02","guid":{"rendered":"https:\/\/serviir.com.br\/blog\/?p=541"},"modified":"2020-06-02T16:27:21","modified_gmt":"2020-06-02T19:27:21","slug":"check-ups-devemos-fazer-esse-tipo-de-exame-em-tempos-de-pandemia","status":"publish","type":"post","link":"https:\/\/serviir.com.br\/novosite\/check-ups-devemos-fazer-esse-tipo-de-exame-em-tempos-de-pandemia\/","title":{"rendered":"Check-ups. Devemos fazer esse tipo de exame em tempos de pandemia?"},"content":{"rendered":"<p class=\"responsive-video-wrap clr\"><iframe loading=\"lazy\" title=\"Check-ups. Devemos fazer esse tipo de exame em tempos de pandemia?\" width=\"1200\" height=\"675\" src=\"https:\/\/www.youtube.com\/embed\/Lf24TMO0G8Q?feature=oembed\" frameborder=\"0\" allow=\"accelerometer; autoplay; clipboard-write; encrypted-media; gyroscope; picture-in-picture\" allowfullscreen><\/iframe><\/p>\n<p><strong>Ol\u00e1, meu nome \u00e9 Danillo, sou m\u00e9dico, e atuo na \u00e1rea de radiologia e diagn\u00f3stico por imagem.<\/strong><\/p>\n<p>Hoje vou falar um pouquinho sobre exames de rotina, o famoso \u201ccheck-up\u201d. Devemos fazer esse tipo de exame em tempos de pandemia?<\/p>\n<p>A pandemia da COVID-19 \u00e9 um grande desafio a toda a sociedade, em especial a comunidade m\u00e9dica. A nossa maior preocupa\u00e7\u00e3o \u00e9 conter a dissemina\u00e7\u00e3o do v\u00edrus.<\/p>\n<p>Com o objetivo de reduzir a circula\u00e7\u00e3o viral e proteger toda a popula\u00e7\u00e3o, em especial aqueles que fazem parte dos grupos de risco, as sociedades cient\u00edficas recomendam adiar, SEMPRE QUE POSS\u00cdVEL, esses<br \/>\ntipos de exames.<\/p>\n<p>Assim, cada caso deve ser avaliado individualmente pelo m\u00e9dico assistente, considerando os fatores de riscos para cada pessoa, as suspeitas cl\u00ednicas (se \u00e9 alta ou baixa) e quais informa\u00e7\u00f5es adicionais esses exames ir\u00e3o trazer para determinar um diagn\u00f3stico e conduzir ao tratamento.<\/p>\n<p>Por tanto, pessoas assintom\u00e1ticas e sem fatores de risco para determinadas doen\u00e7as podem esperar um pouco mais para realizar esses exames.<\/p>\n<p>Diferentemente, daquelas, que sem eles, podem ter o diagn\u00f3stico atrasado, afetando e prejudicando todo o tratamento.<\/p>\n<p>Por isso, ATEN\u00c7\u00c3O! Converse com seu m\u00e9dico antes de decidir se realiza ou n\u00e3o esses exames.<\/p>\n<p>\u00c9 ele quem vai melhor saber avaliar e orientar sobre os riscos e benef\u00edcios para a realiza\u00e7\u00e3o de exames de rotina neste per\u00edodo.<\/p>\n<p>E lembre-se, caso seja necess\u00e1rio fazer qualquer exame, mantenha os cuidados recomendados pelas organiza\u00e7\u00f5es de sa\u00fade, como uso de m\u00e1scara, lavar bem as m\u00e3os com \u00e1gua e sab\u00e3o ou o uso do \u00e1lcool em<br \/>\ngel e evitar aglomera\u00e7\u00f5es.<\/p>\n<p>Com isso todos ganham: voc\u00ea, seus familiares e os profissionais de sa\u00fade que est\u00e3o na linha de frente no combate da COVID-19.<\/p>\n<p><strong>Vamos nos cuidar!!<\/strong><\/p>\n","protected":false},"excerpt":{"rendered":"<p>Ol\u00e1, meu nome \u00e9 Danillo, sou m\u00e9dico, e atuo na \u00e1rea de radiologia e diagn\u00f3stico por imagem. Hoje vou falar um pouquinho sobre exames de rotina, o famoso \u201ccheck-up\u201d. Devemos fazer esse tipo de exame em tempos de pandemia? A pandemia da COVID-19 \u00e9 um grande desafio a toda a sociedade, em especial a comunidade [&hellip;]<\/p>\n","protected":false},"author":3,"featured_media":553,"comment_status":"open","ping_status":"open","sticky":false,"template":"","format":"standard","meta":{"footnotes":""},"categories":[1],"tags":[],"class_list":["post-541","post","type-post","status-publish","format-standard","has-post-thumbnail","hentry","category-saude-e-bem-estar","entry","has-media"],"_links":{"self":[{"href":"https:\/\/serviir.com.br\/novosite\/wp-json\/wp\/v2\/posts\/541","targetHints":{"allow":["GET"]}}],"collection":[{"href":"https:\/\/serviir.com.br\/novosite\/wp-json\/wp\/v2\/posts"}],"about":[{"href":"https:\/\/serviir.com.br\/novosite\/wp-json\/wp\/v2\/types\/post"}],"author":[{"embeddable":true,"href":"https:\/\/serviir.com.br\/novosite\/wp-json\/wp\/v2\/users\/3"}],"replies":[{"embeddable":true,"href":"https:\/\/serviir.com.br\/novosite\/wp-json\/wp\/v2\/comments?post=541"}],"version-history":[{"count":2,"href":"https:\/\/serviir.com.br\/novosite\/wp-json\/wp\/v2\/posts\/541\/revisions"}],"predecessor-version":[{"id":546,"href":"https:\/\/serviir.com.br\/novosite\/wp-json\/wp\/v2\/posts\/541\/revisions\/546"}],"wp:featuredmedia":[{"embeddable":true,"href":"https:\/\/serviir.com.br\/novosite\/wp-json\/wp\/v2\/media\/553"}],"wp:attachment":[{"href":"https:\/\/serviir.com.br\/novosite\/wp-json\/wp\/v2\/media?parent=541"}],"wp:term":[{"taxonomy":"category","embeddable":true,"href":"https:\/\/serviir.com.br\/novosite\/wp-json\/wp\/v2\/categories?post=541"},{"taxonomy":"post_tag","embeddable":true,"href":"https:\/\/serviir.com.br\/novosite\/wp-json\/wp\/v2\/tags?post=541"}],"curies":[{"name":"wp","href":"https:\/\/api.w.org\/{rel}","templated":true}]}}