{"id":587,"date":"2020-06-10T20:29:15","date_gmt":"2020-06-10T23:29:15","guid":{"rendered":"https:\/\/serviir.com.br\/blog\/?p=587"},"modified":"2020-06-10T20:29:15","modified_gmt":"2020-06-10T23:29:15","slug":"vacinacao-contra-covid-19","status":"publish","type":"post","link":"https:\/\/serviir.com.br\/novosite\/vacinacao-contra-covid-19\/","title":{"rendered":"Vacina\u00e7\u00e3o contra Covid-19"},"content":{"rendered":"<p class=\"responsive-video-wrap clr\"><iframe loading=\"lazy\" title=\"Vacina\u00e7\u00e3o contra Covid-19\" width=\"1200\" height=\"675\" src=\"https:\/\/www.youtube.com\/embed\/XSkobYpLiNQ?feature=oembed\" frameborder=\"0\" allow=\"accelerometer; autoplay; clipboard-write; encrypted-media; gyroscope; picture-in-picture\" allowfullscreen><\/iframe><\/p>\n<p>O Brasil tamb\u00e9m est\u00e1 avan\u00e7ando no esfor\u00e7o mundial para desenvolver uma vacina contra o Covid-19. <\/p>\n<p>Pesquisadores do Laborat\u00f3rio de Imunologia do Instituto do Cora\u00e7\u00e3o (Incor) da Faculdade de Medicina da USP (FMUSP) est\u00e3o desenvolvendo uma vacina contra o Coronav\u00edrus da s\u00edndrome respirat\u00f3ria aguda grave, o Sars-CoV-2. <\/p>\n<p>Dr Jorge Kalil, diretor do Laborat\u00f3rio de Imunologia do Incor \u2013 Instituto do Cora\u00e7\u00e3o e coordenador do projeto, acredita que a estrat\u00e9gia \u00e9 muito promissora e poder\u00e1 induzir uma resposta imunol\u00f3gica melhor  do que as outras propostas que vem surgindo. <\/p>\n<p>A plataforma que ser\u00e1 utilizada pelos pesquisadores do Incor \u00e9 fundamentada no uso de part\u00edculas semelhantes a v\u00edrus (VLPs, na sigla em ingl\u00eas de virus like particles). <\/p>\n<p>As VLPs s\u00e3o estruturas multiproteicas que possuem caracter\u00edsticas semelhantes as de um v\u00edrus e, por isso, s\u00e3o facilmente reconhecidas pelas c\u00e9lulas do sistema imunol\u00f3gico. Por\u00e9m, n\u00e3o t\u00eam material gen\u00e9tico do v\u00edrus, o que impossibilita a replica\u00e7\u00e3o. <\/p>\n<p>Por isso, s\u00e3o seguras para o desenvolvimento de vacinas. <\/p>\n<p>Para Gustavo Cabral , pesquisador respons\u00e1vel pelo projeto, \u201das vacinas tradicionais, baseadas em v\u00edrus atenuados ou inativados, como a vacina da gripe, s\u00e3o produtos que tem demostrado uma excelente imunogenicidades (resposta do organismo \u00e0 vacina), por\u00e9m no momento que estamos vivendo com um v\u00edrus totalmente desconhecido por quest\u00f5es de seguran\u00e7a \u00e9 preciso evitar inserir material gen\u00e9tico no corpo humano para evitar eventos adversos, como multiplica\u00e7\u00e3o viral e possivelmente revers\u00e3o gen\u00e9tica da virul\u00eancia. Por isso, as formas alternativas para o desenvolvimento da vacina anticovid-19 devem priorizar, al\u00e9m da efici\u00eancia, a seguran\u00e7a\u201d.  <\/p>\n<p>Com essa tecnologia, estima-se que em alguns meses consiga-se chegar a uma candidata \u00e0 vacina contra Covid-19, para os primeiros testes in vitro.   <\/p>\n<p>Em paralelo, o Brasil vai come\u00e7ar os testes para a vacina desenvolvida em Oxford, no Reino Unido. Ser\u00e3o dois mil candidatos no Rio de Janeiro e em S\u00e3o Paulo.<\/p>\n<p>A an\u00e1lise ter\u00e1 o apoio do Minist\u00e9rio da Sa\u00fade e foi aprovado pela Agencia Nacional de Vigil\u00e2ncia Sanit\u00e1ria, ANVISA, no dia 2 de junho. <\/p>\n<p>O Brasil foi escolhido por enfrentar o momento de acelera\u00e7\u00e3o da pandemia, com a curva ascendente. <\/p>\n<p>E com essa estrat\u00e9gia o Brasil far\u00e1 parte do plano global de desenvolvimento da vacina e \u00e9 o primeiro pa\u00eds fora do Reino Unido a ter acesso ao imunobiol\u00f3gico. <\/p>\n<p>Para uma doen\u00e7a que come\u00e7ou h\u00e1 cerca de 6 meses, s\u00e3o not\u00edcias excelentes.<\/p>\n","protected":false},"excerpt":{"rendered":"<p>O Brasil tamb\u00e9m est\u00e1 avan\u00e7ando no esfor\u00e7o mundial para desenvolver uma vacina contra o Covid-19. Pesquisadores do Laborat\u00f3rio de Imunologia do Instituto do Cora\u00e7\u00e3o (Incor) da Faculdade de Medicina da USP (FMUSP) est\u00e3o desenvolvendo uma vacina contra o Coronav\u00edrus da s\u00edndrome respirat\u00f3ria aguda grave, o Sars-CoV-2. Dr Jorge Kalil, diretor do Laborat\u00f3rio de Imunologia do [&hellip;]<\/p>\n","protected":false},"author":3,"featured_media":577,"comment_status":"open","ping_status":"open","sticky":false,"template":"","format":"standard","meta":{"footnotes":""},"categories":[3],"tags":[],"class_list":["post-587","post","type-post","status-publish","format-standard","has-post-thumbnail","hentry","category-atualidades-do-brasil-e-do-mundo","entry","has-media"],"_links":{"self":[{"href":"https:\/\/serviir.com.br\/novosite\/wp-json\/wp\/v2\/posts\/587","targetHints":{"allow":["GET"]}}],"collection":[{"href":"https:\/\/serviir.com.br\/novosite\/wp-json\/wp\/v2\/posts"}],"about":[{"href":"https:\/\/serviir.com.br\/novosite\/wp-json\/wp\/v2\/types\/post"}],"author":[{"embeddable":true,"href":"https:\/\/serviir.com.br\/novosite\/wp-json\/wp\/v2\/users\/3"}],"replies":[{"embeddable":true,"href":"https:\/\/serviir.com.br\/novosite\/wp-json\/wp\/v2\/comments?post=587"}],"version-history":[{"count":1,"href":"https:\/\/serviir.com.br\/novosite\/wp-json\/wp\/v2\/posts\/587\/revisions"}],"predecessor-version":[{"id":588,"href":"https:\/\/serviir.com.br\/novosite\/wp-json\/wp\/v2\/posts\/587\/revisions\/588"}],"wp:featuredmedia":[{"embeddable":true,"href":"https:\/\/serviir.com.br\/novosite\/wp-json\/wp\/v2\/media\/577"}],"wp:attachment":[{"href":"https:\/\/serviir.com.br\/novosite\/wp-json\/wp\/v2\/media?parent=587"}],"wp:term":[{"taxonomy":"category","embeddable":true,"href":"https:\/\/serviir.com.br\/novosite\/wp-json\/wp\/v2\/categories?post=587"},{"taxonomy":"post_tag","embeddable":true,"href":"https:\/\/serviir.com.br\/novosite\/wp-json\/wp\/v2\/tags?post=587"}],"curies":[{"name":"wp","href":"https:\/\/api.w.org\/{rel}","templated":true}]}}