{"id":597,"date":"2020-06-26T14:47:04","date_gmt":"2020-06-26T17:47:04","guid":{"rendered":"https:\/\/serviir.com.br\/blog\/?p=597"},"modified":"2020-06-26T14:47:04","modified_gmt":"2020-06-26T17:47:04","slug":"noticias-gerais","status":"publish","type":"post","link":"https:\/\/serviir.com.br\/novosite\/noticias-gerais\/","title":{"rendered":"Not\u00edcias Gerais"},"content":{"rendered":"<p class=\"responsive-video-wrap clr\"><iframe loading=\"lazy\" title=\"Not\u00edcias Gerais\" width=\"1200\" height=\"675\" src=\"https:\/\/www.youtube.com\/embed\/mXj0sMWI6_w?feature=oembed\" frameborder=\"0\" allow=\"accelerometer; autoplay; clipboard-write; encrypted-media; gyroscope; picture-in-picture\" allowfullscreen><\/iframe><\/p>\n<p>Voc\u00ea j\u00e1 se levantou da cadeira hoje? Mexeu-se? Fez alguma atividade f\u00edsica? Voc\u00ea sabia que o sedentarismo pode estar relacionado com a gravidade dos efeitos da COVID -19? <\/p>\n<p>\u00c9 sabido que a atividade f\u00edsica protege as pessoas de mais de mais de 30 doen\u00e7as cr\u00f4nicas, como diabetes, hipertens\u00e3o arterial, c\u00e2ncer, que s\u00e3o algumas das que causam maior morte no mundo.  <\/p>\n<p>Mas protegeria tamb\u00e9m de quadros graves em uma infec\u00e7\u00e3o por COVID? Um grupo de pesquisadores ligados ao Incor \u2013 Instituto do Cora\u00e7\u00e3o em S\u00e3o Paulo, que coordenam a pesquisa e que conta tamb\u00e9m com cientistas das universidades Federal do Rio Grande do Sul e do Rio de Janeiro, levantaram essa hip\u00f3tese e desenvolveram um formul\u00e1rio, que pode ser respondido online. A p\u00f3s\u2013doutoranda Daisy Motta Santos, da Universidade Federal de Minas gerais, explica que o question\u00e1rio \u00e9 dividido em tr\u00eas fases: na primeira parte do question\u00e1rio, o volunt\u00e1rio assina um termo de consentimento, na segunda, responde algumas perguntas a respeito de como foi a infec\u00e7\u00e3o pelo COVID\u201319, se apresentou sintomas, se precisou de interna\u00e7\u00e3o, entre outras quest\u00f5es. Na terceira parte os pesquisadores questionam qual o n\u00edvel de atividade f\u00edsica, para identificar se a pessoa \u00e9 sedent\u00e1ria ou n\u00e3o. A pesquisa est\u00e1 em fase de aplica\u00e7\u00e3o dos formul\u00e1rios e vamos acompanhar as conclus\u00f5es. Em uma doen\u00e7a grave, com tanta capacidade de propaga\u00e7\u00e3o e din\u00e2mica, quanto mais se sabe a respeitos das medidas protetoras, mais seguros estaremos. <\/p>\n<p>Se voc\u00ea j\u00e1 teve COVID e quer participar da pesquisa, acesse o link:<br \/>\n<a href=\"https:\/\/docs.google.com\/forms\/d\/e\/1FAIpQLSd0WlxkPfuFgrsvxYhjPrgb_hMb5BDc91w1msyzblsMp9ekGA\/viewform\">https:\/\/docs.google.com\/forms\/d\/e\/1FAIpQLSd0WlxkPfuFgrsvxYhjPrgb_hMb5BDc91w1msyzblsMp9ekGA\/viewform<\/a><\/p>\n","protected":false},"excerpt":{"rendered":"<p>Voc\u00ea j\u00e1 se levantou da cadeira hoje? Mexeu-se? Fez alguma atividade f\u00edsica? Voc\u00ea sabia que o sedentarismo pode estar relacionado com a gravidade dos efeitos da COVID -19? \u00c9 sabido que a atividade f\u00edsica protege as pessoas de mais de mais de 30 doen\u00e7as cr\u00f4nicas, como diabetes, hipertens\u00e3o arterial, c\u00e2ncer, que s\u00e3o algumas das que [&hellip;]<\/p>\n","protected":false},"author":3,"featured_media":598,"comment_status":"open","ping_status":"open","sticky":false,"template":"","format":"standard","meta":{"footnotes":""},"categories":[3],"tags":[],"class_list":["post-597","post","type-post","status-publish","format-standard","has-post-thumbnail","hentry","category-atualidades-do-brasil-e-do-mundo","entry","has-media"],"_links":{"self":[{"href":"https:\/\/serviir.com.br\/novosite\/wp-json\/wp\/v2\/posts\/597","targetHints":{"allow":["GET"]}}],"collection":[{"href":"https:\/\/serviir.com.br\/novosite\/wp-json\/wp\/v2\/posts"}],"about":[{"href":"https:\/\/serviir.com.br\/novosite\/wp-json\/wp\/v2\/types\/post"}],"author":[{"embeddable":true,"href":"https:\/\/serviir.com.br\/novosite\/wp-json\/wp\/v2\/users\/3"}],"replies":[{"embeddable":true,"href":"https:\/\/serviir.com.br\/novosite\/wp-json\/wp\/v2\/comments?post=597"}],"version-history":[{"count":1,"href":"https:\/\/serviir.com.br\/novosite\/wp-json\/wp\/v2\/posts\/597\/revisions"}],"predecessor-version":[{"id":600,"href":"https:\/\/serviir.com.br\/novosite\/wp-json\/wp\/v2\/posts\/597\/revisions\/600"}],"wp:featuredmedia":[{"embeddable":true,"href":"https:\/\/serviir.com.br\/novosite\/wp-json\/wp\/v2\/media\/598"}],"wp:attachment":[{"href":"https:\/\/serviir.com.br\/novosite\/wp-json\/wp\/v2\/media?parent=597"}],"wp:term":[{"taxonomy":"category","embeddable":true,"href":"https:\/\/serviir.com.br\/novosite\/wp-json\/wp\/v2\/categories?post=597"},{"taxonomy":"post_tag","embeddable":true,"href":"https:\/\/serviir.com.br\/novosite\/wp-json\/wp\/v2\/tags?post=597"}],"curies":[{"name":"wp","href":"https:\/\/api.w.org\/{rel}","templated":true}]}}