{"id":5975,"date":"2021-08-06T14:02:15","date_gmt":"2021-08-06T17:02:15","guid":{"rendered":"https:\/\/serviir.com.br\/blog\/?p=5975"},"modified":"2021-09-09T09:12:41","modified_gmt":"2021-09-09T12:12:41","slug":"nova-lei-inclui-a-educacao-bilingue-de-surdos-na-ldb","status":"publish","type":"post","link":"https:\/\/serviir.com.br\/novosite\/nova-lei-inclui-a-educacao-bilingue-de-surdos-na-ldb\/","title":{"rendered":"Nova lei inclui a educa\u00e7\u00e3o bil\u00edngue de surdos na LDB"},"content":{"rendered":"<p class=\"responsive-video-wrap clr\"><iframe loading=\"lazy\" title=\"Nova lei inclui a educa\u00e7\u00e3o bil\u00edngue de surdos na LDB\" width=\"1200\" height=\"675\" src=\"https:\/\/www.youtube.com\/embed\/HQRtWmcFEO0?feature=oembed\" frameborder=\"0\" allow=\"accelerometer; autoplay; clipboard-write; encrypted-media; gyroscope; picture-in-picture\" allowfullscreen><\/iframe><\/p>\n<p>A inclus\u00e3o da educa\u00e7\u00e3o bil\u00edngue de surdos na Lei Brasileira de Diretrizes e Bases da Educa\u00e7\u00e3o Nacional (LDB) \u00e9 o assunto do momento. Mas, voc\u00ea sabe o que isso significa, na pr\u00e1tica?<\/p>\n<p>Primeiro vamos falar que a educa\u00e7\u00e3o bil\u00edngue \u00e9 aquela que tem a L\u00edngua Brasileira de Sinais, a Libras, como primeira l\u00edngua e o portugu\u00eas escrito como segunda l\u00edngua.<\/p>\n<p>At\u00e9 hoje, a educa\u00e7\u00e3o bil\u00edngue era parte da educa\u00e7\u00e3o especial e, a partir de agora, com a nova lei (n\u00ba 14.191\/2021), ela passa a ser uma modalidade de ensino independente.<\/p>\n<p>Com isso, a educa\u00e7\u00e3o bil\u00edngue ser\u00e1 aplicada em escolas e classes bil\u00edngues de surdos, al\u00e9m de escolas comuns e polos de educa\u00e7\u00e3o bil\u00edngue de surdos, que dever\u00e3o oferecer servi\u00e7o de apoio educacional especializado para atender \u00e0s especificidades lingu\u00edsticas dos estudantes surdos.<\/p>\n<p>A nova lei tamb\u00e9m prev\u00ea que os estudantes surdos tenham acesso a materiais did\u00e1ticos e professores bil\u00edngues com forma\u00e7\u00e3o e especializa\u00e7\u00e3o adequadas, em n\u00edvel superior.<\/p>\n<p>Al\u00e9m disso, os sistemas de ensino devem desenvolver programas integrados de ensino e pesquisa para oferecer educa\u00e7\u00e3o bil\u00edngue e intercultural aos estudantes surdos.<\/p>\n<p>Essa \u00e9 uma importante conquista para a comunidade surda, pois garante o acesso \u00e0 educa\u00e7\u00e3o bil\u00edngue para estudantes surdos e surdocegos, durante toda sua vida escolar.<\/p>\n<p>Se voc\u00ea gostou desse conte\u00fado, curte e compartilha esse post para que mais pessoas tenham acesso a essa informa\u00e7\u00e3o.<\/p>\n<p>Acesse serviir.com.br e saiba mais sobre os servi\u00e7os da Serviir!<\/p>\n<p>Porque independ\u00eancia \u00e9 nossa palavra de ordem. Vamos Serviir juntos?<\/p>\n","protected":false},"excerpt":{"rendered":"<p>A inclus\u00e3o da educa\u00e7\u00e3o bil\u00edngue de surdos na Lei Brasileira de Diretrizes e Bases da Educa\u00e7\u00e3o Nacional (LDB) \u00e9 o assunto do momento. Mas, voc\u00ea sabe o que isso significa, na pr\u00e1tica? Primeiro vamos falar que a educa\u00e7\u00e3o bil\u00edngue \u00e9 aquela que tem a L\u00edngua Brasileira de Sinais, a Libras, como primeira l\u00edngua e o [&hellip;]<\/p>\n","protected":false},"author":3,"featured_media":5976,"comment_status":"open","ping_status":"open","sticky":false,"template":"","format":"standard","meta":{"footnotes":""},"categories":[3],"tags":[],"class_list":["post-5975","post","type-post","status-publish","format-standard","has-post-thumbnail","hentry","category-atualidades-do-brasil-e-do-mundo","entry","has-media"],"_links":{"self":[{"href":"https:\/\/serviir.com.br\/novosite\/wp-json\/wp\/v2\/posts\/5975","targetHints":{"allow":["GET"]}}],"collection":[{"href":"https:\/\/serviir.com.br\/novosite\/wp-json\/wp\/v2\/posts"}],"about":[{"href":"https:\/\/serviir.com.br\/novosite\/wp-json\/wp\/v2\/types\/post"}],"author":[{"embeddable":true,"href":"https:\/\/serviir.com.br\/novosite\/wp-json\/wp\/v2\/users\/3"}],"replies":[{"embeddable":true,"href":"https:\/\/serviir.com.br\/novosite\/wp-json\/wp\/v2\/comments?post=5975"}],"version-history":[{"count":1,"href":"https:\/\/serviir.com.br\/novosite\/wp-json\/wp\/v2\/posts\/5975\/revisions"}],"predecessor-version":[{"id":5977,"href":"https:\/\/serviir.com.br\/novosite\/wp-json\/wp\/v2\/posts\/5975\/revisions\/5977"}],"wp:featuredmedia":[{"embeddable":true,"href":"https:\/\/serviir.com.br\/novosite\/wp-json\/wp\/v2\/media\/5976"}],"wp:attachment":[{"href":"https:\/\/serviir.com.br\/novosite\/wp-json\/wp\/v2\/media?parent=5975"}],"wp:term":[{"taxonomy":"category","embeddable":true,"href":"https:\/\/serviir.com.br\/novosite\/wp-json\/wp\/v2\/categories?post=5975"},{"taxonomy":"post_tag","embeddable":true,"href":"https:\/\/serviir.com.br\/novosite\/wp-json\/wp\/v2\/tags?post=5975"}],"curies":[{"name":"wp","href":"https:\/\/api.w.org\/{rel}","templated":true}]}}