{"id":5991,"date":"2021-09-21T08:46:10","date_gmt":"2021-09-21T11:46:10","guid":{"rendered":"https:\/\/serviir.com.br\/blog\/?p=5991"},"modified":"2021-09-27T08:57:01","modified_gmt":"2021-09-27T11:57:01","slug":"setembro-amarelo-campanha-alerta-para-a-prevencao-ao-suicidio","status":"publish","type":"post","link":"https:\/\/serviir.com.br\/novosite\/setembro-amarelo-campanha-alerta-para-a-prevencao-ao-suicidio\/","title":{"rendered":"Setembro Amarelo: campanha alerta para a preven\u00e7\u00e3o ao suic\u00eddio"},"content":{"rendered":"<p class=\"responsive-video-wrap clr\"><iframe loading=\"lazy\" title=\"Setembro Amarelo: campanha alerta para a preven\u00e7\u00e3o ao suic\u00eddio\" width=\"1200\" height=\"675\" src=\"https:\/\/www.youtube.com\/embed\/I2UxANxWJNc?feature=oembed\" frameborder=\"0\" allow=\"accelerometer; autoplay; clipboard-write; encrypted-media; gyroscope; picture-in-picture\" allowfullscreen><\/iframe><\/p>\n<p>Desde 2014, a Associa\u00e7\u00e3o Brasileira de Psiquiatria (ABP), em parceria com o Conselho Federal de Medicina (CFM), organiza nacionalmente o Setembro Amarelo, campanha de preven\u00e7\u00e3o ao suic\u00eddio.<br \/>\nSegundo dados da Organiza\u00e7\u00e3o Mundial da Sa\u00fade (OMS), estima-se que a cada 40 segundos uma pessoa morre por suic\u00eddio no mundo. No Brasil, os casos passam de 13 mil por ano, podendo ser bem maiores em decorr\u00eancia das subnotifica\u00e7\u00f5es.<br \/>\nJ\u00e1 ao que se refere \u00e0s tentativas, uma pessoa atenta contra a pr\u00f3pria vida a cada tr\u00eas segundos.<br \/>\nCalcula-se que aproximadamente um milh\u00e3o de casos de \u00f3bitos por suic\u00eddio s\u00e3o registrados por ano em todo o mundo.<br \/>\nEstudos apontam que em mais de 98% dos casos, o suic\u00eddio foi causado por transtornos mentais n\u00e3o tratados corretamente ou n\u00e3o identificados ou acompanhados.<br \/>\nMais de 96% est\u00e3o relacionados \u00e0 depress\u00e3o e ao transtorno bipolar.<br \/>\nEsse cen\u00e1rio preocupante serve de alerta para que a sa\u00fade mental seja um tema importante para a sa\u00fade p\u00fablica.<br \/>\nSe voc\u00ea precisa de ajuda acesse o site setembroamarelo.com e confira os canais de atendimento.<br \/>\nSe voc\u00ea conhece algu\u00e9m que precisa de ajuda, compartilha esse v\u00eddeo e ajude a salvar vidas!<\/p>\n","protected":false},"excerpt":{"rendered":"<p>Desde 2014, a Associa\u00e7\u00e3o Brasileira de Psiquiatria (ABP), em parceria com o Conselho Federal de Medicina (CFM), organiza nacionalmente o Setembro Amarelo, campanha de preven\u00e7\u00e3o ao suic\u00eddio. Segundo dados da Organiza\u00e7\u00e3o Mundial da Sa\u00fade (OMS), estima-se que a cada 40 segundos uma pessoa morre por suic\u00eddio no mundo. No Brasil, os casos passam de 13 [&hellip;]<\/p>\n","protected":false},"author":3,"featured_media":5992,"comment_status":"open","ping_status":"open","sticky":false,"template":"","format":"standard","meta":{"footnotes":""},"categories":[3,1],"tags":[],"class_list":["post-5991","post","type-post","status-publish","format-standard","has-post-thumbnail","hentry","category-atualidades-do-brasil-e-do-mundo","category-saude-e-bem-estar","entry","has-media"],"_links":{"self":[{"href":"https:\/\/serviir.com.br\/novosite\/wp-json\/wp\/v2\/posts\/5991","targetHints":{"allow":["GET"]}}],"collection":[{"href":"https:\/\/serviir.com.br\/novosite\/wp-json\/wp\/v2\/posts"}],"about":[{"href":"https:\/\/serviir.com.br\/novosite\/wp-json\/wp\/v2\/types\/post"}],"author":[{"embeddable":true,"href":"https:\/\/serviir.com.br\/novosite\/wp-json\/wp\/v2\/users\/3"}],"replies":[{"embeddable":true,"href":"https:\/\/serviir.com.br\/novosite\/wp-json\/wp\/v2\/comments?post=5991"}],"version-history":[{"count":1,"href":"https:\/\/serviir.com.br\/novosite\/wp-json\/wp\/v2\/posts\/5991\/revisions"}],"predecessor-version":[{"id":5993,"href":"https:\/\/serviir.com.br\/novosite\/wp-json\/wp\/v2\/posts\/5991\/revisions\/5993"}],"wp:featuredmedia":[{"embeddable":true,"href":"https:\/\/serviir.com.br\/novosite\/wp-json\/wp\/v2\/media\/5992"}],"wp:attachment":[{"href":"https:\/\/serviir.com.br\/novosite\/wp-json\/wp\/v2\/media?parent=5991"}],"wp:term":[{"taxonomy":"category","embeddable":true,"href":"https:\/\/serviir.com.br\/novosite\/wp-json\/wp\/v2\/categories?post=5991"},{"taxonomy":"post_tag","embeddable":true,"href":"https:\/\/serviir.com.br\/novosite\/wp-json\/wp\/v2\/tags?post=5991"}],"curies":[{"name":"wp","href":"https:\/\/api.w.org\/{rel}","templated":true}]}}