{"id":627,"date":"2020-07-14T11:12:07","date_gmt":"2020-07-14T14:12:07","guid":{"rendered":"https:\/\/serviir.com.br\/blog\/?p=627"},"modified":"2020-07-14T11:12:07","modified_gmt":"2020-07-14T14:12:07","slug":"boas-noticias-13-07","status":"publish","type":"post","link":"https:\/\/serviir.com.br\/novosite\/boas-noticias-13-07\/","title":{"rendered":"Boas not\u00edcias 13-07"},"content":{"rendered":"<p class=\"responsive-video-wrap clr\"><iframe loading=\"lazy\" title=\"Boas not\u00edcias 13-07\" width=\"1200\" height=\"675\" src=\"https:\/\/www.youtube.com\/embed\/IYf9h2jMpW8?feature=oembed\" frameborder=\"0\" allow=\"accelerometer; autoplay; clipboard-write; encrypted-media; gyroscope; picture-in-picture\" allowfullscreen><\/iframe><\/p>\n<p>Em meio a pandemia, s\u00e3o tantas informa\u00e7\u00f5es, muitas vezes at\u00e9 Fake News e nossa mente pode ficar estressada numa intensidade que podemos adoecer. <\/p>\n<p>Ent\u00e3o, que tal dirigirmos nossa aten\u00e7\u00e3o para Boas Not\u00edcias e na \u00e1rea de Sa\u00fade e cuidado ao pr\u00f3ximo? <\/p>\n<p>Uni\u00e3o de cren\u00e7as: l\u00edderes do cristianismo, juda\u00edsmo e islamismo se uniram para orar juntos em Jerusal\u00e9m, em 22\/4. Essa foi a primeira \u201cOra\u00e7\u00e3o Global Conjunta\u201d para lan\u00e7ar luz em meio \u2018as trevas do COVID\u201d. <\/p>\n<p>Solidariedade: Su\u00ed\u00e7a projeta bandeira do Brasil no alto de uma montanha. A Su\u00ed\u00e7a projetou a bandeira do Brasil no alto de sua montanha, para prestar solidariedade \u00e0 luta dos brasileiros contra o Coronav\u00edrus. A montanha, que tamb\u00e9m \u00e9 conhecida como Monte Cervino, foi iluminada com a nossa bandeira em 21\/04. <\/p>\n<p>Lives beneficentes:  <\/p>\n<p>As lives vem tomando grandes propor\u00e7\u00f5es no Brasil e no mundo, e muitas delas com o cunho beneficente, veja alguns exemplos: <\/p>\n<p>Anitta fez duas lives. A primeira arrecadou R$ 330 mil e a segunda, realizada no dia das m\u00e3es, teve a renda destinada ao projeto social M\u00e3es da Favela da CUFA &#8211; Central \u00danica das Favelas.<br \/>\nGustavo Lima arrecadou 100 mil. Al\u00e9m de alimentos, \u00e1lcool gel e outros itens que foram destinados a hospitais e institui\u00e7\u00f5es de caridade.<br \/>\nMarilia Mendon\u00e7a angariou 250 mil toneladas de alimentos e 2 toneladas de produtos de limpeza, entre outros itens. <\/p>\n<p>Acessibilidade as informa\u00e7\u00f5es a respeito do COVID n\u00e3o chegam para uma parcela da popula\u00e7\u00e3o, que s\u00e3o os surdos. Uma equipe do Curso de P\u00f3s Gradua\u00e7\u00e3o em Tecnologia em Sa\u00fade da Pontif\u00edcia Universidade Cat\u00f3lica do Paran\u00e1 foi motivada a desenvolver um projeto \u201cUnidos pela Sa\u00fade\u201d, pretende suprir a falta de espa\u00e7os com acessibilidade para surdos.  <\/p>\n<p>M\u00e1scaras transparentes: Um grupo de costureiras de S\u00e3o Bernardo do Campo \u2013 ABC Paulista est\u00e3o produzindo m\u00e1scaras em algod\u00e3o com o detalhe de uma l\u00e2mina transparente na regi\u00e3o da boca, o que permitir visualizar o movimento dos l\u00e1bios, uma excelente estrat\u00e9gia para surdos que fazem leitura labial. A Funda\u00e7\u00e3o Grupo Volkswagen, coordena o projeto \u201cCosturando o Futuro\u201d, que al\u00e9m das m\u00e1scaras produz outros itens. A inspira\u00e7\u00e3o da m\u00e1scara foi de um estudante de mestrado em Gest\u00e3o da inova\u00e7\u00e3o da Universidade Federal do ABC, que apresentou o prot\u00f3tipo \u00e0 Volkswagen Financial Service, onde trabalha. Quando o primeiro prot\u00f3tipo foi criado, esbarrou num problema, o visor emba\u00e7ava. Neste momento, entrou outra parceria para fazer a ideia dar certo, a Parnaplast, parceira da BASF, criou um filme pl\u00e1stico ante emba\u00e7ante.<\/p>\n","protected":false},"excerpt":{"rendered":"<p>Em meio a pandemia, s\u00e3o tantas informa\u00e7\u00f5es, muitas vezes at\u00e9 Fake News e nossa mente pode ficar estressada numa intensidade que podemos adoecer. Ent\u00e3o, que tal dirigirmos nossa aten\u00e7\u00e3o para Boas Not\u00edcias e na \u00e1rea de Sa\u00fade e cuidado ao pr\u00f3ximo? Uni\u00e3o de cren\u00e7as: l\u00edderes do cristianismo, juda\u00edsmo e islamismo se uniram para orar juntos [&hellip;]<\/p>\n","protected":false},"author":3,"featured_media":628,"comment_status":"open","ping_status":"open","sticky":false,"template":"","format":"standard","meta":{"footnotes":""},"categories":[3],"tags":[],"class_list":["post-627","post","type-post","status-publish","format-standard","has-post-thumbnail","hentry","category-atualidades-do-brasil-e-do-mundo","entry","has-media"],"_links":{"self":[{"href":"https:\/\/serviir.com.br\/novosite\/wp-json\/wp\/v2\/posts\/627","targetHints":{"allow":["GET"]}}],"collection":[{"href":"https:\/\/serviir.com.br\/novosite\/wp-json\/wp\/v2\/posts"}],"about":[{"href":"https:\/\/serviir.com.br\/novosite\/wp-json\/wp\/v2\/types\/post"}],"author":[{"embeddable":true,"href":"https:\/\/serviir.com.br\/novosite\/wp-json\/wp\/v2\/users\/3"}],"replies":[{"embeddable":true,"href":"https:\/\/serviir.com.br\/novosite\/wp-json\/wp\/v2\/comments?post=627"}],"version-history":[{"count":1,"href":"https:\/\/serviir.com.br\/novosite\/wp-json\/wp\/v2\/posts\/627\/revisions"}],"predecessor-version":[{"id":629,"href":"https:\/\/serviir.com.br\/novosite\/wp-json\/wp\/v2\/posts\/627\/revisions\/629"}],"wp:featuredmedia":[{"embeddable":true,"href":"https:\/\/serviir.com.br\/novosite\/wp-json\/wp\/v2\/media\/628"}],"wp:attachment":[{"href":"https:\/\/serviir.com.br\/novosite\/wp-json\/wp\/v2\/media?parent=627"}],"wp:term":[{"taxonomy":"category","embeddable":true,"href":"https:\/\/serviir.com.br\/novosite\/wp-json\/wp\/v2\/categories?post=627"},{"taxonomy":"post_tag","embeddable":true,"href":"https:\/\/serviir.com.br\/novosite\/wp-json\/wp\/v2\/tags?post=627"}],"curies":[{"name":"wp","href":"https:\/\/api.w.org\/{rel}","templated":true}]}}