{"id":650,"date":"2020-09-01T12:30:59","date_gmt":"2020-09-01T15:30:59","guid":{"rendered":"https:\/\/serviir.com.br\/blog\/?p=650"},"modified":"2020-09-18T16:21:15","modified_gmt":"2020-09-18T19:21:15","slug":"setembro-azul","status":"publish","type":"post","link":"https:\/\/serviir.com.br\/novosite\/setembro-azul\/","title":{"rendered":"Setembro Azul marca lutas e conquistas da comunidade surda"},"content":{"rendered":"<p><img loading=\"lazy\" decoding=\"async\" class=\"wp-image-652 size-large alignnone\" src=\"https:\/\/serviir.com.br\/blog\/wp-content\/uploads\/2020\/09\/LO_Setembro-azul-16-9-1024x576.png\" alt=\"\" width=\"800\" height=\"450\" srcset=\"https:\/\/serviir.com.br\/novosite\/wp-content\/uploads\/2020\/09\/LO_Setembro-azul-16-9-1024x576.png 1024w, https:\/\/serviir.com.br\/novosite\/wp-content\/uploads\/2020\/09\/LO_Setembro-azul-16-9-300x169.png 300w, https:\/\/serviir.com.br\/novosite\/wp-content\/uploads\/2020\/09\/LO_Setembro-azul-16-9-768x432.png 768w, https:\/\/serviir.com.br\/novosite\/wp-content\/uploads\/2020\/09\/LO_Setembro-azul-16-9.png 1200w\" sizes=\"auto, (max-width: 800px) 100vw, 800px\" \/><\/p>\n<p>A luta das <strong>pessoas com defici\u00eancia<\/strong> em busca de uma sociedade mais inclusiva \u00e9 di\u00e1ria, mas em setembro ela \u00e9 especial para a <strong>comunidade surda<\/strong>, que comemora o <strong>Setembro Azul<\/strong>.<\/p>\n<p>Durante os eventos do Setembro Azul, a comunidade surda comemora sua hist\u00f3ria, identidade, suas lutas e conquistas. A data tamb\u00e9m \u00e9 conhecida como <strong>Setembro Surdo<\/strong>, por ser um momento de conscientiza\u00e7\u00e3o dos direitos dos Surdos, incentivando uma discuss\u00e3o sobre sua inclus\u00e3o na sociedade.<\/p>\n<p>Apesar de destacar o m\u00eas de setembro, a responsabilidade de construir uma sociedade inclusiva \u00e9 di\u00e1ria e depende de todos, por isso, mais que dar voz aos Surdos, a <strong>Serviir<\/strong> quer colaborar com essa luta em apoio \u00e0 comunidade surda.<\/p>\n<p>Ao possibilitar a comunica\u00e7\u00e3o dos Surdos nas mais variadas situa\u00e7\u00f5es, a Serviir atua como uma importante ferramenta de inclus\u00e3o. \u00c9 dando voz aos Surdos que a Serviir permite que eles sejam ouvidos por todos, em qualquer momento e lugar.<\/p>\n<p><strong>Por que Setembro Azul?<\/strong><br \/>\nA escolha do m\u00eas de setembro aconteceu por causa de algumas datas importantes para a comunidade surda. Entre elas o dia 6 de setembro, data em que o uso da L\u00edngua de Sinais foi proibido na educa\u00e7\u00e3o dos Surdos, durante o Congresso de Mil\u00e3o, em 1880.<\/p>\n<p>Outras datas marcantes s\u00e3o o <strong>Dia Universal da L\u00edngua de Sinais<\/strong> (10 de setembro) e o <strong>Dia Nacional do Surdo<\/strong> (26 de setembro), dia da cria\u00e7\u00e3o da primeira Escola de Surdos do Brasil. A escola, inaugurada no Rio de Janeiro, em 1857, ainda existe e \u00e9 sede do Instituto Nacional de Educa\u00e7\u00e3o de Surdos (INES). Em setembro ainda tem o <strong>Dia do Tradutor<\/strong> (30 de setembro), data que rende homenagens aos int\u00e9rpretes de Libras.<\/p>\n<p>J\u00e1 o azul representa a cor usada pelos nazistas para identificar pessoas com defici\u00eancia durante a Segunda Guerra Mundial. Ap\u00f3s o fim da guerra, o azul continuou simbolizando a opress\u00e3o enfrentada pelos surdos e tamb\u00e9m sua supera\u00e7\u00e3o ao preconceito sofrido.<\/p>\n<p>Outro momento importante aconteceu no XIII Congresso Mundial da Federa\u00e7\u00e3o Mundial de Surdos, realizado em 1999, na Austr\u00e1lia. Durante a Cerim\u00f4nia da Fita Azul, em lembran\u00e7a aos Surdos v\u00edtimas de opress\u00e3o, o ativista e pesquisador <a href=\"https:\/\/en.wikipedia.org\/wiki\/Paddy_Ladd\" target=\"_blank\" rel=\"noopener noreferrer\">Dr. Paddy Ladd<\/a> usou uma fita azul como s\u00edmbolo do movimento. Desde ent\u00e3o, azul turquesa \u00e9 a cor escolhida para representar a riqueza cultural da comunidade surda.<\/p>\n<p>Sabemos que, apesar das dificuldades enfrentadas diariamente, s\u00e3o muitas as conquistas da comunidade surda, que se mant\u00e9m unida e atuante, por isso, cada uma delas deve ser comemorada e reconhecida para que a surdez deixe de ser uma defici\u00eancia invis\u00edvel.<\/p>\n<p>Independ\u00eancia \u00e9 nossa palavra de ordem. Vamos Serviir juntos?<\/p>\n<p>Refer\u00eancias:<br \/>\n<a href=\"https:\/\/www.ines.gov.br\/\" rel=\"noopener noreferrer\" target=\"_blank\">https:\/\/www.ines.gov.br\/<\/a><br \/>\n<a href=\"http:\/\/www.setembroazul.com.br\/\" rel=\"noopener noreferrer\" target=\"_blank\">http:\/\/www.setembroazul.com.br\/<\/a><\/p>\n","protected":false},"excerpt":{"rendered":"<p>A luta das pessoas com defici\u00eancia em busca de uma sociedade mais inclusiva \u00e9 di\u00e1ria, mas em setembro ela \u00e9 especial para a comunidade surda, que comemora o Setembro Azul. Durante os eventos do Setembro Azul, a comunidade surda comemora sua hist\u00f3ria, identidade, suas lutas e conquistas. A data tamb\u00e9m \u00e9 conhecida como Setembro Surdo, [&hellip;]<\/p>\n","protected":false},"author":3,"featured_media":652,"comment_status":"open","ping_status":"open","sticky":false,"template":"","format":"standard","meta":{"footnotes":""},"categories":[3],"tags":[],"class_list":["post-650","post","type-post","status-publish","format-standard","has-post-thumbnail","hentry","category-atualidades-do-brasil-e-do-mundo","entry","has-media"],"_links":{"self":[{"href":"https:\/\/serviir.com.br\/novosite\/wp-json\/wp\/v2\/posts\/650","targetHints":{"allow":["GET"]}}],"collection":[{"href":"https:\/\/serviir.com.br\/novosite\/wp-json\/wp\/v2\/posts"}],"about":[{"href":"https:\/\/serviir.com.br\/novosite\/wp-json\/wp\/v2\/types\/post"}],"author":[{"embeddable":true,"href":"https:\/\/serviir.com.br\/novosite\/wp-json\/wp\/v2\/users\/3"}],"replies":[{"embeddable":true,"href":"https:\/\/serviir.com.br\/novosite\/wp-json\/wp\/v2\/comments?post=650"}],"version-history":[{"count":6,"href":"https:\/\/serviir.com.br\/novosite\/wp-json\/wp\/v2\/posts\/650\/revisions"}],"predecessor-version":[{"id":690,"href":"https:\/\/serviir.com.br\/novosite\/wp-json\/wp\/v2\/posts\/650\/revisions\/690"}],"wp:featuredmedia":[{"embeddable":true,"href":"https:\/\/serviir.com.br\/novosite\/wp-json\/wp\/v2\/media\/652"}],"wp:attachment":[{"href":"https:\/\/serviir.com.br\/novosite\/wp-json\/wp\/v2\/media?parent=650"}],"wp:term":[{"taxonomy":"category","embeddable":true,"href":"https:\/\/serviir.com.br\/novosite\/wp-json\/wp\/v2\/categories?post=650"},{"taxonomy":"post_tag","embeddable":true,"href":"https:\/\/serviir.com.br\/novosite\/wp-json\/wp\/v2\/tags?post=650"}],"curies":[{"name":"wp","href":"https:\/\/api.w.org\/{rel}","templated":true}]}}