{"id":658,"date":"2020-09-08T09:36:47","date_gmt":"2020-09-08T12:36:47","guid":{"rendered":"https:\/\/serviir.com.br\/blog\/?p=658"},"modified":"2020-09-08T14:12:30","modified_gmt":"2020-09-08T17:12:30","slug":"educacao-de-surdos","status":"publish","type":"post","link":"https:\/\/serviir.com.br\/novosite\/educacao-de-surdos\/","title":{"rendered":"As conquistas e desafios da educa\u00e7\u00e3o de Surdos no Brasil"},"content":{"rendered":"<p><img loading=\"lazy\" decoding=\"async\" class=\"alignnone size-medium wp-image-666\" src=\"https:\/\/serviir.com.br\/blog\/wp-content\/uploads\/2020\/09\/Blog-07.09-300x169.png\" alt=\"\" width=\"800\" height=\"450\" srcset=\"https:\/\/serviir.com.br\/novosite\/wp-content\/uploads\/2020\/09\/Blog-07.09-300x169.png 300w, https:\/\/serviir.com.br\/novosite\/wp-content\/uploads\/2020\/09\/Blog-07.09-1024x576.png 1024w, https:\/\/serviir.com.br\/novosite\/wp-content\/uploads\/2020\/09\/Blog-07.09-768x432.png 768w, https:\/\/serviir.com.br\/novosite\/wp-content\/uploads\/2020\/09\/Blog-07.09.png 1200w\" sizes=\"auto, (max-width: 800px) 100vw, 800px\" \/><\/p>\n<p>S\u00e3o muitas as conquistas e desafios da <strong>educa\u00e7\u00e3o de Surdos<\/strong> no Brasil. Nesta semana, em que se comemora o <strong>Dia Mundial da Alfabetiza\u00e7\u00e3o<\/strong> (07\/09), a <strong>Serviir<\/strong> apresenta um panorama sobre a inclus\u00e3o educacional de pessoas Surdas.<\/p>\n<p>No Brasil, o Dia Nacional da Educa\u00e7\u00e3o de Surdos \u00e9 comemorado em 23 de abril, data em que o direito do Surdo \u00e0 inclus\u00e3o educacional foi institu\u00eddo. Mas, apesar das in\u00fameras conquistas, ainda h\u00e1 muito para reivindicar.<\/p>\n<p>Cerca de 5% da popula\u00e7\u00e3o brasileira tem defici\u00eancia auditiva parcial ou total e os Surdos se comunicam principalmente por meio da L\u00edngua Brasileira de Sinais (Libras), reconhecida como meio legal de comunica\u00e7\u00e3o dos surdos.<\/p>\n<p>Dessa forma, a escolha da escola para o aluno Surdo \u00e9 importante, pois ela precisa oferecer alfabetiza\u00e7\u00e3o em Libras. Isso \u00e9 fundamental para o desenvolvimento educacional dos Surdos, pois sua comunica\u00e7\u00e3o ser\u00e1 feita principalmente em Libras, sua l\u00edngua materna. O aprendizado da l\u00edngua portuguesa deve ser posterior ao aprendizado da Libras.<\/p>\n<p><strong>Educa\u00e7\u00e3o de Surdos no Brasil<\/strong><br \/>\nNo Brasil, os Surdos tiveram acesso \u00e0 educa\u00e7\u00e3o durante o Imp\u00e9rio, quando foi criada a primeira escola para Surdos do pa\u00eds. O Instituto Nacional de Educa\u00e7\u00e3o de Surdos (INES) nasceu em 1856, por iniciativa do professor Surdo Eduard Huet, que veio ao Brasil a convite de Dom Pedro II.<\/p>\n<p>Fundado no dia 26 de setembro de 1857, o INES \u00e9 considerado um centro de refer\u00eancia nacional na \u00e1rea da surdez e atualmente atende cerca de 600 alunos, da Educa\u00e7\u00e3o Infantil ao Ensino M\u00e9dio. Al\u00e9m de iniciar a educa\u00e7\u00e3o formal de Surdos no pa\u00eds, o professor Huet criou, em colabora\u00e7\u00e3o com seus alunos, a primeira l\u00edngua de sinais brasileira, que tem origem na l\u00edngua de sinais francesa.<\/p>\n<p>O reconhecimento da Libras como l\u00edngua oficial no Brasil s\u00f3 aconteceu em 2002, mais de 100 anos depois da funda\u00e7\u00e3o do INES, por meio da lei n\u00ba 10.436. Tr\u00eas anos mais tarde, em 2005, a Libras foi regulamentada e institu\u00edda como disciplina curricular obrigat\u00f3ria nos cursos de forma\u00e7\u00e3o de professores.<\/p>\n<p>Al\u00e9m de entender \u00e0s necessidades dos Surdos, a Serviir oferece autonomia para que eles possam se comunicar em suas atividades cotidianas com independ\u00eancia. Tudo isso de forma acess\u00edvel, j\u00e1 que, ao contratar um plano, os Surdos precisam apenas de um celular, tablet ou computador com acesso \u00e0 internet para contar com os servi\u00e7os de v\u00eddeo interpreta\u00e7\u00e3o. Conhe\u00e7a os <a href=\"https:\/\/serviir.com.br\/planos\" target=\"_blank\" rel=\"noopener noreferrer\">planos da Serviir<\/a> e escolha a melhor op\u00e7\u00e3o.<\/p>\n<p>Independ\u00eancia \u00e9 nossa palavra de ordem. Vamos Serviir juntos?<\/p>\n","protected":false},"excerpt":{"rendered":"<p>S\u00e3o muitas as conquistas e desafios da educa\u00e7\u00e3o de Surdos no Brasil. Nesta semana, em que se comemora o Dia Mundial da Alfabetiza\u00e7\u00e3o (07\/09), a Serviir apresenta um panorama sobre a inclus\u00e3o educacional de pessoas Surdas. No Brasil, o Dia Nacional da Educa\u00e7\u00e3o de Surdos \u00e9 comemorado em 23 de abril, data em que o [&hellip;]<\/p>\n","protected":false},"author":3,"featured_media":666,"comment_status":"open","ping_status":"open","sticky":false,"template":"","format":"standard","meta":{"footnotes":""},"categories":[3],"tags":[],"class_list":["post-658","post","type-post","status-publish","format-standard","has-post-thumbnail","hentry","category-atualidades-do-brasil-e-do-mundo","entry","has-media"],"_links":{"self":[{"href":"https:\/\/serviir.com.br\/novosite\/wp-json\/wp\/v2\/posts\/658","targetHints":{"allow":["GET"]}}],"collection":[{"href":"https:\/\/serviir.com.br\/novosite\/wp-json\/wp\/v2\/posts"}],"about":[{"href":"https:\/\/serviir.com.br\/novosite\/wp-json\/wp\/v2\/types\/post"}],"author":[{"embeddable":true,"href":"https:\/\/serviir.com.br\/novosite\/wp-json\/wp\/v2\/users\/3"}],"replies":[{"embeddable":true,"href":"https:\/\/serviir.com.br\/novosite\/wp-json\/wp\/v2\/comments?post=658"}],"version-history":[{"count":4,"href":"https:\/\/serviir.com.br\/novosite\/wp-json\/wp\/v2\/posts\/658\/revisions"}],"predecessor-version":[{"id":669,"href":"https:\/\/serviir.com.br\/novosite\/wp-json\/wp\/v2\/posts\/658\/revisions\/669"}],"wp:featuredmedia":[{"embeddable":true,"href":"https:\/\/serviir.com.br\/novosite\/wp-json\/wp\/v2\/media\/666"}],"wp:attachment":[{"href":"https:\/\/serviir.com.br\/novosite\/wp-json\/wp\/v2\/media?parent=658"}],"wp:term":[{"taxonomy":"category","embeddable":true,"href":"https:\/\/serviir.com.br\/novosite\/wp-json\/wp\/v2\/categories?post=658"},{"taxonomy":"post_tag","embeddable":true,"href":"https:\/\/serviir.com.br\/novosite\/wp-json\/wp\/v2\/tags?post=658"}],"curies":[{"name":"wp","href":"https:\/\/api.w.org\/{rel}","templated":true}]}}