{"id":6813,"date":"2023-01-27T11:24:49","date_gmt":"2023-01-27T14:24:49","guid":{"rendered":"https:\/\/serviir.com.br\/novosite\/?p=6813"},"modified":"2023-02-23T14:36:37","modified_gmt":"2023-02-23T17:36:37","slug":"escola-profissionalizante-recebe-multa-apos-discriminar-cliente-surdo","status":"publish","type":"post","link":"https:\/\/serviir.com.br\/novosite\/escola-profissionalizante-recebe-multa-apos-discriminar-cliente-surdo\/","title":{"rendered":"Escola profissionalizante recebe multa ap\u00f3s discriminar cliente surdo"},"content":{"rendered":"<p class=\"responsive-video-wrap clr\"><iframe loading=\"lazy\" title=\"Escola \u00e9 multada por discrimina\u00e7\u00e3o contra aluno surdo\" width=\"1200\" height=\"675\" src=\"https:\/\/www.youtube.com\/embed\/2tju6_9-HVo?feature=oembed\" frameborder=\"0\" allow=\"accelerometer; autoplay; clipboard-write; encrypted-media; gyroscope; picture-in-picture; web-share\" allowfullscreen><\/iframe><\/p>\n<p>&nbsp;<\/p>\n<p><span style=\"font-weight: 400;\">O Procon de Po\u00e7os de Caldas (MG) aplicou uma multa no valor de R$ 108 mil a uma escola profissionalizante ap\u00f3s o atendente da institui\u00e7\u00e3o discriminar um cliente<strong> surdo<\/strong> que estava em busca de um curso.\u00a0<\/span><\/p>\n<p><span style=\"font-weight: 400;\">Segundo o \u00f3rg\u00e3o, o cliente teria comunicado a escola da necessidade da contrata\u00e7\u00e3o de <strong>int\u00e9rprete de Libras<\/strong> para acompanhar as aulas. Na ocasi\u00e3o, o atendente teria sido grosseiro com o cliente.\u00a0\u00a0<\/span><\/p>\n<p><span style=\"font-weight: 400;\">O <strong>estatuto da pessoa com defici\u00eancia<\/strong> garante \u00e0s pessoas surdas o direito a um int\u00e9rprete\u00a0 de Libras para acompanhar as aulas. Desta forma, cabe \u00e0 institui\u00e7\u00e3o de ensino se responsabilizar pelos custos para garantir a <strong>acessibilidade<\/strong> por meio de um int\u00e9rprete de Libras.<\/span><\/p>\n<p><span style=\"font-weight: 400;\">Na ocasi\u00e3o, o cliente tentou explicar sobre a lei, no entanto, o atendente disse ao cliente para: \u201cencher o saco de outro\u201d e enviou um meme em resposta \u00e0 mensagem com a explica\u00e7\u00e3o sobre a lei.<\/span><\/p>\n<p><span style=\"font-weight: 400;\">Em nota, o Procon disse que a multa tem car\u00e1ter punitivo e pedag\u00f3gico pela regulamenta\u00e7\u00e3o sobre o estatuto da pessoa com defici\u00eancia.<\/span><\/p>\n<p><span style=\"font-weight: 400;\">O direito ao int\u00e9rprete de Libras \u00e9 garantido por lei. No entanto, n\u00e3o \u00e9 comum e falta respeito e informa\u00e7\u00e3o. Para isso, a SERViiR conta com uma equipe de int\u00e9rpretes preparados para garantir a acessibilidade nas conversas entre pessoas surdas e ouvintes. <\/span><\/p>\n<p><span style=\"font-weight: 400;\">Para saber mais acesse o site <a href=\"https:\/\/serviir.com.br\/novosite\/a-serviir-v2\/\" target=\"_blank\" rel=\"noopener\">serviir.com.br<\/a>.<\/span><\/p>\n","protected":false},"excerpt":{"rendered":"<p>&nbsp; O Procon de Po\u00e7os de Caldas (MG) aplicou uma multa no valor de R$ 108 mil a uma escola profissionalizante ap\u00f3s o atendente da institui\u00e7\u00e3o discriminar um cliente surdo que estava em busca de um curso.\u00a0 Segundo o \u00f3rg\u00e3o, o cliente teria comunicado a escola da necessidade da contrata\u00e7\u00e3o de int\u00e9rprete de Libras para [&hellip;]<\/p>\n","protected":false},"author":11,"featured_media":6814,"comment_status":"open","ping_status":"open","sticky":false,"template":"","format":"standard","meta":{"footnotes":""},"categories":[3],"tags":[19,23,24,17],"class_list":["post-6813","post","type-post","status-publish","format-standard","has-post-thumbnail","hentry","category-atualidades-do-brasil-e-do-mundo","tag-acessibilidade","tag-comunidade-surda","tag-estatuto-da-pessoa-com-deficiencia","tag-lingua-de-sinais","entry","has-media"],"_links":{"self":[{"href":"https:\/\/serviir.com.br\/novosite\/wp-json\/wp\/v2\/posts\/6813","targetHints":{"allow":["GET"]}}],"collection":[{"href":"https:\/\/serviir.com.br\/novosite\/wp-json\/wp\/v2\/posts"}],"about":[{"href":"https:\/\/serviir.com.br\/novosite\/wp-json\/wp\/v2\/types\/post"}],"author":[{"embeddable":true,"href":"https:\/\/serviir.com.br\/novosite\/wp-json\/wp\/v2\/users\/11"}],"replies":[{"embeddable":true,"href":"https:\/\/serviir.com.br\/novosite\/wp-json\/wp\/v2\/comments?post=6813"}],"version-history":[{"count":1,"href":"https:\/\/serviir.com.br\/novosite\/wp-json\/wp\/v2\/posts\/6813\/revisions"}],"predecessor-version":[{"id":6815,"href":"https:\/\/serviir.com.br\/novosite\/wp-json\/wp\/v2\/posts\/6813\/revisions\/6815"}],"wp:featuredmedia":[{"embeddable":true,"href":"https:\/\/serviir.com.br\/novosite\/wp-json\/wp\/v2\/media\/6814"}],"wp:attachment":[{"href":"https:\/\/serviir.com.br\/novosite\/wp-json\/wp\/v2\/media?parent=6813"}],"wp:term":[{"taxonomy":"category","embeddable":true,"href":"https:\/\/serviir.com.br\/novosite\/wp-json\/wp\/v2\/categories?post=6813"},{"taxonomy":"post_tag","embeddable":true,"href":"https:\/\/serviir.com.br\/novosite\/wp-json\/wp\/v2\/tags?post=6813"}],"curies":[{"name":"wp","href":"https:\/\/api.w.org\/{rel}","templated":true}]}}