{"id":6817,"date":"2023-02-17T14:25:08","date_gmt":"2023-02-17T17:25:08","guid":{"rendered":"https:\/\/serviir.com.br\/novosite\/?p=6817"},"modified":"2023-02-23T14:39:22","modified_gmt":"2023-02-23T17:39:22","slug":"lancamento-do-livro-o-jacare-fujao-no-triangulo-na-emebs-helen-keller","status":"publish","type":"post","link":"https:\/\/serviir.com.br\/novosite\/lancamento-do-livro-o-jacare-fujao-no-triangulo-na-emebs-helen-keller\/","title":{"rendered":"Lan\u00e7amento do livro &#8216;O jacar\u00e9 fuj\u00e3o no tri\u00e2ngulo&#8217; na EMEBS Helen Keller"},"content":{"rendered":"<p>A nossa equipe de int\u00e9rpretes participou do <strong>lan\u00e7amento do livro<\/strong> &#8216;O jacar\u00e9 fuj\u00e3o no tri\u00e2ngulo&#8217;, na <a href=\"https:\/\/www.instagram.com\/emebshelenkeller\/\" target=\"_blank\" rel=\"noopener\"><strong>EMEBS Helen Keller<\/strong><\/a>, pioneira no ensino p\u00fablico de estudantes surdos, em S\u00e3o Paulo.<\/p>\n<p>Com mais de 270 alunos, a Helen Keller \u00e9 a \u00fanica escola p\u00fablica do Brasil a atender estudantes da Educa\u00e7\u00e3o Infantil ao Ensino M\u00e9dio Bil\u00edngue (Libras e L\u00edngua Portuguesa).<\/p>\n<p>O evento teve conta\u00e7\u00e3o da hist\u00f3ria em Libras com a participa\u00e7\u00e3o da arquiteta <a href=\"https:\/\/www.instagram.com\/sab_fontenele\/\" target=\"_blank\" rel=\"noopener\">Sabrina Fontenele<\/a>, autora do livro, que tamb\u00e9m conversou com as crian\u00e7as e entregou a todas as crian\u00e7as exemplares, com direito a sess\u00e3o de aut\u00f3grafos!<\/p>\n<p>O evento foi lindo e n\u00f3s agradecemos aos parceiros da <a href=\"https:\/\/www.instagram.com\/acaciacultural\/\" target=\"_blank\" rel=\"noopener\">Editora Ac\u00e1cia Cultural<\/a>\u00a0pelo convite para participar deste projeto lindo.<\/p>\n<p>Em tempo, o livro conta a hist\u00f3ria de um jacar\u00e9 que foge do zool\u00f3gico e se perde no centro hist\u00f3rico de S\u00e3o Paulo, e tem ainda ilustra\u00e7\u00f5es incr\u00edveis de <a href=\"https:\/\/www.instagram.com\/mariana___zanetti\/\" target=\"_blank\" rel=\"noopener\">Mariana Zanetti<\/a>. Vale a pena conhecer!<\/p>\n<p>Confira os detalhes do lan\u00e7amento!<\/p>\n<p class=\"responsive-video-wrap clr\"><iframe loading=\"lazy\" title=\"Lan\u00e7amento de livro na EMEBS Helen Keller\" width=\"1200\" height=\"675\" src=\"https:\/\/www.youtube.com\/embed\/OcfGueSMxSM?feature=oembed\" frameborder=\"0\" allow=\"accelerometer; autoplay; clipboard-write; encrypted-media; gyroscope; picture-in-picture; web-share\" allowfullscreen><\/iframe><\/p>\n<h2 style=\"text-align: center;\"><strong><a href=\"https:\/\/serviir.com.br\/novosite\/a-serviir-v2\/\" target=\"_blank\" rel=\"noopener\">Para saber mais acesse o site da Serviir<\/a>.<\/strong><\/h2>\n<p>&nbsp;<\/p>\n","protected":false},"excerpt":{"rendered":"<p>A nossa equipe de int\u00e9rpretes participou do lan\u00e7amento do livro &#8216;O jacar\u00e9 fuj\u00e3o no tri\u00e2ngulo&#8217;, na EMEBS Helen Keller, pioneira no ensino p\u00fablico de estudantes surdos, em S\u00e3o Paulo. Com mais de 270 alunos, a Helen Keller \u00e9 a \u00fanica escola p\u00fablica do Brasil a atender estudantes da Educa\u00e7\u00e3o Infantil ao Ensino M\u00e9dio Bil\u00edngue (Libras [&hellip;]<\/p>\n","protected":false},"author":11,"featured_media":6819,"comment_status":"open","ping_status":"open","sticky":false,"template":"","format":"standard","meta":{"footnotes":""},"categories":[3],"tags":[19,23,25,17],"class_list":["post-6817","post","type-post","status-publish","format-standard","has-post-thumbnail","hentry","category-atualidades-do-brasil-e-do-mundo","tag-acessibilidade","tag-comunidade-surda","tag-emebs-helen-keller","tag-lingua-de-sinais","entry","has-media"],"_links":{"self":[{"href":"https:\/\/serviir.com.br\/novosite\/wp-json\/wp\/v2\/posts\/6817","targetHints":{"allow":["GET"]}}],"collection":[{"href":"https:\/\/serviir.com.br\/novosite\/wp-json\/wp\/v2\/posts"}],"about":[{"href":"https:\/\/serviir.com.br\/novosite\/wp-json\/wp\/v2\/types\/post"}],"author":[{"embeddable":true,"href":"https:\/\/serviir.com.br\/novosite\/wp-json\/wp\/v2\/users\/11"}],"replies":[{"embeddable":true,"href":"https:\/\/serviir.com.br\/novosite\/wp-json\/wp\/v2\/comments?post=6817"}],"version-history":[{"count":2,"href":"https:\/\/serviir.com.br\/novosite\/wp-json\/wp\/v2\/posts\/6817\/revisions"}],"predecessor-version":[{"id":6820,"href":"https:\/\/serviir.com.br\/novosite\/wp-json\/wp\/v2\/posts\/6817\/revisions\/6820"}],"wp:featuredmedia":[{"embeddable":true,"href":"https:\/\/serviir.com.br\/novosite\/wp-json\/wp\/v2\/media\/6819"}],"wp:attachment":[{"href":"https:\/\/serviir.com.br\/novosite\/wp-json\/wp\/v2\/media?parent=6817"}],"wp:term":[{"taxonomy":"category","embeddable":true,"href":"https:\/\/serviir.com.br\/novosite\/wp-json\/wp\/v2\/categories?post=6817"},{"taxonomy":"post_tag","embeddable":true,"href":"https:\/\/serviir.com.br\/novosite\/wp-json\/wp\/v2\/tags?post=6817"}],"curies":[{"name":"wp","href":"https:\/\/api.w.org\/{rel}","templated":true}]}}