{"id":6854,"date":"2023-06-30T00:01:38","date_gmt":"2023-06-30T03:01:38","guid":{"rendered":"https:\/\/serviir.com.br\/novosite\/?p=6854"},"modified":"2023-06-26T15:36:08","modified_gmt":"2023-06-26T18:36:08","slug":"junho-vermelho-alerta-para-a-importancia-da-doacao-de-sangue","status":"publish","type":"post","link":"https:\/\/serviir.com.br\/novosite\/junho-vermelho-alerta-para-a-importancia-da-doacao-de-sangue\/","title":{"rendered":"Junho Vermelho alerta para a import\u00e2ncia da doa\u00e7\u00e3o de sangue"},"content":{"rendered":"<p class=\"p1\">Realizada nacionalmente, desde 2014, a <strong>campanha Junho Vermelho<\/strong> foi criada pela <strong>Organiza\u00e7\u00e3o Mundial da Sa\u00fade<\/strong>, e 14 de junho foi escolhido como <strong>Dia Mundial do Doador de Sangue<\/strong>, em homenagem \u00e0 data de nascimento do imunologista austr\u00edaco<strong> Karl Landsteiner<\/strong>, respons\u00e1vel pela descoberta do fator Rh e das diferen\u00e7as entre os tipos sangu\u00edneos.<\/p>\n<p class=\"p1\">A campanha tem como proposta conscientizar as pessoas sobre a import\u00e2ncia da doa\u00e7\u00e3o de sangue, j\u00e1 que para manter os estoques de sangue em um n\u00edvel confort\u00e1vel, s\u00e3o necess\u00e1rias 160 doa\u00e7\u00f5es di\u00e1rias.<\/p>\n<p class=\"p1\"><strong>Para ser doador de sangue, a pessoa precisa:<br \/>\n<\/strong>1. ter idade entre 16 e 68 anos;<br \/>\n2. pesar mais de 50 quilos;<br \/>\n3. n\u00e3o ter Hepatite B, Hepatite C, Doen\u00e7a de Chagas, S\u00edfilis, AIDS e HTLV;<br \/>\nE, por \u00faltimo, estar bem alimentado e descansado.<\/p>\n<p class=\"p1\">Mulheres devem esperar um intervalo de 90 dias entre as doa\u00e7\u00f5es, enquanto para os homens esse prazo cai para 60 dias.<\/p>\n<p class=\"p1\">Para conferir todas as regras e os locais para doa\u00e7\u00e3o de sangue, acesse o <a href=\"http:\/\/partiudoarsangue.com.br\/\" target=\"_blank\" rel=\"noopener\">site Partiu Doar Sangue<\/a>.<\/p>\n<p class=\"p1\">Independ\u00eancia \u00e9 a nossa palavra de ordem. Vamos SERViiR juntos?<\/p>\n<p class=\"p1\" style=\"text-align: center;\"><strong><a href=\"https:\/\/serviir.com.br\/novosite\/a-serviir-v2\/\" target=\"_blank\" rel=\"noopener\">Clique aqui para saber mais sobre nossos servi\u00e7os<\/a><\/strong><\/p>\n<p class=\"responsive-video-wrap clr\"><iframe loading=\"lazy\" title=\"Campanha Junho Vermelho\" width=\"1200\" height=\"675\" src=\"https:\/\/www.youtube.com\/embed\/5qesKI2wobw?feature=oembed\" frameborder=\"0\" allow=\"accelerometer; autoplay; clipboard-write; encrypted-media; gyroscope; picture-in-picture; web-share\" allowfullscreen><\/iframe><\/p>\n","protected":false},"excerpt":{"rendered":"<p>Realizada nacionalmente, desde 2014, a campanha Junho Vermelho foi criada pela Organiza\u00e7\u00e3o Mundial da Sa\u00fade, e 14 de junho foi escolhido como Dia Mundial do Doador de Sangue, em homenagem \u00e0 data de nascimento do imunologista austr\u00edaco Karl Landsteiner, respons\u00e1vel pela descoberta do fator Rh e das diferen\u00e7as entre os tipos sangu\u00edneos. A campanha tem [&hellip;]<\/p>\n","protected":false},"author":11,"featured_media":6855,"comment_status":"open","ping_status":"open","sticky":false,"template":"","format":"standard","meta":{"footnotes":""},"categories":[1],"tags":[43,45,40,44,42,41],"class_list":["post-6854","post","type-post","status-publish","format-standard","has-post-thumbnail","hentry","category-saude-e-bem-estar","tag-dia-mundial-do-doador-de-sangue","tag-doacao-de-sangue","tag-junho-vermelho","tag-karl-landsteiner","tag-oms","tag-organizacao-mundial-da-saude","entry","has-media"],"_links":{"self":[{"href":"https:\/\/serviir.com.br\/novosite\/wp-json\/wp\/v2\/posts\/6854","targetHints":{"allow":["GET"]}}],"collection":[{"href":"https:\/\/serviir.com.br\/novosite\/wp-json\/wp\/v2\/posts"}],"about":[{"href":"https:\/\/serviir.com.br\/novosite\/wp-json\/wp\/v2\/types\/post"}],"author":[{"embeddable":true,"href":"https:\/\/serviir.com.br\/novosite\/wp-json\/wp\/v2\/users\/11"}],"replies":[{"embeddable":true,"href":"https:\/\/serviir.com.br\/novosite\/wp-json\/wp\/v2\/comments?post=6854"}],"version-history":[{"count":4,"href":"https:\/\/serviir.com.br\/novosite\/wp-json\/wp\/v2\/posts\/6854\/revisions"}],"predecessor-version":[{"id":6861,"href":"https:\/\/serviir.com.br\/novosite\/wp-json\/wp\/v2\/posts\/6854\/revisions\/6861"}],"wp:featuredmedia":[{"embeddable":true,"href":"https:\/\/serviir.com.br\/novosite\/wp-json\/wp\/v2\/media\/6855"}],"wp:attachment":[{"href":"https:\/\/serviir.com.br\/novosite\/wp-json\/wp\/v2\/media?parent=6854"}],"wp:term":[{"taxonomy":"category","embeddable":true,"href":"https:\/\/serviir.com.br\/novosite\/wp-json\/wp\/v2\/categories?post=6854"},{"taxonomy":"post_tag","embeddable":true,"href":"https:\/\/serviir.com.br\/novosite\/wp-json\/wp\/v2\/tags?post=6854"}],"curies":[{"name":"wp","href":"https:\/\/api.w.org\/{rel}","templated":true}]}}