{"id":693,"date":"2020-09-21T11:39:35","date_gmt":"2020-09-21T14:39:35","guid":{"rendered":"https:\/\/serviir.com.br\/blog\/?p=693"},"modified":"2023-01-20T12:01:10","modified_gmt":"2023-01-20T15:01:10","slug":"voce-sabe-qual-e-a-diferenca-entre-surdez-e-deficiencia-auditiva","status":"publish","type":"post","link":"https:\/\/serviir.com.br\/novosite\/voce-sabe-qual-e-a-diferenca-entre-surdez-e-deficiencia-auditiva\/","title":{"rendered":"Voc\u00ea sabe qual \u00e9 a diferen\u00e7a entre surdez e defici\u00eancia auditiva?"},"content":{"rendered":"<p class=\"responsive-video-wrap clr\"><iframe loading=\"lazy\" title=\"Voc\u00ea sabe qual \u00e9 a diferen\u00e7a entre surdez e defici\u00eancia auditiva?\" width=\"1200\" height=\"675\" src=\"https:\/\/www.youtube.com\/embed\/WOVpIJSalNo?feature=oembed\" frameborder=\"0\" allow=\"accelerometer; autoplay; clipboard-write; encrypted-media; gyroscope; picture-in-picture; web-share\" allowfullscreen><\/iframe><\/p>\n<p>S\u00e3o muitas as d\u00favidas sobre a <strong>diferen\u00e7a entre surdez e defici\u00eancia auditiva<\/strong>. Por acreditar que informa\u00e7\u00e3o \u00e9 uma importante ferramenta contra o preconceito, a <strong>Serviir<\/strong> apoia a comunidade surda e atua na constru\u00e7\u00e3o de uma sociedade mais inclusiva, ao permitir a comunica\u00e7\u00e3o entre Surdos e ouvintes.<\/p>\n<p>Neste post, ser\u00e1 poss\u00edvel entender as diferen\u00e7as t\u00e9cnicas e culturais entre os termos, j\u00e1 que muitas pessoas acreditam que as nomenclaturas \u2018surdez\u2019 e \u2018defici\u00eancia auditiva\u2019 sejam apenas sin\u00f4nimos.<\/p>\n<p>Mas, antes de abordar a diferen\u00e7a do ponto de vista m\u00e9dico, \u00e9 importante destacar a quest\u00e3o cultural. Isso porque, na <strong>cultura surda<\/strong>, a defini\u00e7\u00e3o dos termos \u2018surdez\u2019 e \u2018defici\u00eancia auditiva\u2019 transcende a defini\u00e7\u00e3o cl\u00ednica. Ela est\u00e1 diretamente relacionada \u00e0 forma como a pessoa se reconhece e no grau ou origem da perda auditiva.<\/p>\n<p>Para se comunicar, os Surdos t\u00eam uma l\u00edngua materna: a <strong>L\u00edngua Brasileira de Sinais<\/strong> (Libras). Poucos sabem, mas a <strong>Libras<\/strong> \u00e9 reconhecida como meio legal de comunica\u00e7\u00e3o no Brasil e ela n\u00e3o \u00e9 uma interpreta\u00e7\u00e3o gestual da l\u00edngua portuguesa, pois tem gram\u00e1tica pr\u00f3pria.<\/p>\n<p>Segundo a <strong>Organiza\u00e7\u00e3o Mundial da Sa\u00fade<\/strong> (OMS), a diferen\u00e7a entre surdez e defici\u00eancia auditiva \u00e9 a profundidade da perda auditiva. A pessoa \u00e9 considerada surda quando tem perda completa da capacidade de ouvir. J\u00e1 na defici\u00eancia auditiva, h\u00e1 perda parcial da audi\u00e7\u00e3o.<\/p>\n<p>&nbsp;<\/p>\n<p><strong>Termos t\u00e9cnicos<\/strong><\/p>\n<p>Mais de 5% da popula\u00e7\u00e3o brasileira \u00e9 Surda ou tem defici\u00eancia auditiva. A maior parte dessa parcela da sociedade se comunica, principalmente, por meio da L\u00edngua Brasileira de Sinais (Libras).<\/p>\n<p>A pessoa \u00e9 considerada Surda quando n\u00e3o possui uma audi\u00e7\u00e3o funcional para o seu dia a dia. J\u00e1 a defici\u00eancia auditiva parcial acontece quando a pessoa possui dificuldades na audi\u00e7\u00e3o, mas ainda consegue utiliz\u00e1-la com ou sem pr\u00f3tese auditiva.<\/p>\n<p>Assim como outras defici\u00eancias, as causas da surdez podem ser divididas em pr\u00e9-natais, perinatais e p\u00f3s-natais. As causas pr\u00e9-natais envolvem doen\u00e7as adquiridas pela m\u00e3e durante a gesta\u00e7\u00e3o, como rub\u00e9ola, s\u00edfilis, toxoplasmose e herpes, entre outras.<\/p>\n<p>Os fatores perinatais incluem traumas obst\u00e9tricos e an\u00f3xia, que \u00e9 a aus\u00eancia de oxig\u00eanio no c\u00e9rebro. Ap\u00f3s o nascimento do beb\u00ea, doen\u00e7as infecciosas, meningite, intoxica\u00e7\u00f5es e traumas ac\u00fasticos est\u00e3o entre as principais causas.<\/p>\n<p>&nbsp;<\/p>\n<p><strong>Comunidade surda<\/strong><\/p>\n<p>Formada por Surdos que n\u00e3o levam em conta o grau de perda auditiva para definir nomenclatura, a comunidade surda \u00e9 considerada a mais importante representa\u00e7\u00e3o das pessoas Surdas no Brasil.<\/p>\n<p>O ideal seria que todas as pessoas soubessem se comunicar em Libras. Mas, quando isso n\u00e3o acontece, \u00e9 importante buscar meios de promover a comunica\u00e7\u00e3o entre Surdos e ouvintes.<\/p>\n<p>O contato com pessoas Surdas pode ser feito por meio de um int\u00e9rprete de Libras. E \u00e9 exatamente isso que a Serviir oferece: <a href=\"https:\/\/serviir.com.br\/novosite\/a-serviir-v2\/\" target=\"_blank\" rel=\"noopener\"><strong>servi\u00e7os de tradu\u00e7\u00e3o<\/strong><\/a> para promover a comunica\u00e7\u00e3o entre Surdos e ouvintes, por meio de uma chamada de v\u00eddeo.<\/p>\n<p>Dessa forma, a <a href=\"https:\/\/serviir.com.br\/novosite\/\" target=\"_blank\" rel=\"noopener\"><strong>Serviir<\/strong><\/a> possibilita a comunica\u00e7\u00e3o dos Surdos de forma simples e pr\u00e1tica, nas mais variadas situa\u00e7\u00f5es, porque independ\u00eancia \u00e9 palavra de ordem para a Serviir. Vamos Serviir juntos?<\/p>\n","protected":false},"excerpt":{"rendered":"<p>S\u00e3o muitas as d\u00favidas sobre a diferen\u00e7a entre surdez e defici\u00eancia auditiva. Por acreditar que informa\u00e7\u00e3o \u00e9 uma importante ferramenta contra o preconceito, a Serviir apoia a comunidade surda e atua na constru\u00e7\u00e3o de uma sociedade mais inclusiva, ao permitir a comunica\u00e7\u00e3o entre Surdos e ouvintes. Neste post, ser\u00e1 poss\u00edvel entender as diferen\u00e7as t\u00e9cnicas e [&hellip;]<\/p>\n","protected":false},"author":3,"featured_media":694,"comment_status":"open","ping_status":"open","sticky":false,"template":"","format":"standard","meta":{"footnotes":""},"categories":[3],"tags":[],"class_list":["post-693","post","type-post","status-publish","format-standard","has-post-thumbnail","hentry","category-atualidades-do-brasil-e-do-mundo","entry","has-media"],"_links":{"self":[{"href":"https:\/\/serviir.com.br\/novosite\/wp-json\/wp\/v2\/posts\/693","targetHints":{"allow":["GET"]}}],"collection":[{"href":"https:\/\/serviir.com.br\/novosite\/wp-json\/wp\/v2\/posts"}],"about":[{"href":"https:\/\/serviir.com.br\/novosite\/wp-json\/wp\/v2\/types\/post"}],"author":[{"embeddable":true,"href":"https:\/\/serviir.com.br\/novosite\/wp-json\/wp\/v2\/users\/3"}],"replies":[{"embeddable":true,"href":"https:\/\/serviir.com.br\/novosite\/wp-json\/wp\/v2\/comments?post=693"}],"version-history":[{"count":3,"href":"https:\/\/serviir.com.br\/novosite\/wp-json\/wp\/v2\/posts\/693\/revisions"}],"predecessor-version":[{"id":6811,"href":"https:\/\/serviir.com.br\/novosite\/wp-json\/wp\/v2\/posts\/693\/revisions\/6811"}],"wp:featuredmedia":[{"embeddable":true,"href":"https:\/\/serviir.com.br\/novosite\/wp-json\/wp\/v2\/media\/694"}],"wp:attachment":[{"href":"https:\/\/serviir.com.br\/novosite\/wp-json\/wp\/v2\/media?parent=693"}],"wp:term":[{"taxonomy":"category","embeddable":true,"href":"https:\/\/serviir.com.br\/novosite\/wp-json\/wp\/v2\/categories?post=693"},{"taxonomy":"post_tag","embeddable":true,"href":"https:\/\/serviir.com.br\/novosite\/wp-json\/wp\/v2\/tags?post=693"}],"curies":[{"name":"wp","href":"https:\/\/api.w.org\/{rel}","templated":true}]}}