{"id":699,"date":"2020-09-26T00:00:16","date_gmt":"2020-09-26T03:00:16","guid":{"rendered":"https:\/\/serviir.com.br\/blog\/?p=699"},"modified":"2020-09-26T00:49:04","modified_gmt":"2020-09-26T03:49:04","slug":"dia-nacional-do-surdo","status":"publish","type":"post","link":"https:\/\/serviir.com.br\/novosite\/dia-nacional-do-surdo\/","title":{"rendered":"Dia Nacional do Surdo: entenda a import\u00e2ncia da comunidade surda"},"content":{"rendered":"<p class=\"responsive-video-wrap clr\"><iframe loading=\"lazy\" title=\"Dia Nacional do Surdo entenda a import\u00e2ncia da comunidade surda\" width=\"1200\" height=\"675\" src=\"https:\/\/www.youtube.com\/embed\/Jyh5JieIWTk?feature=oembed\" frameborder=\"0\" allow=\"accelerometer; autoplay; clipboard-write; encrypted-media; gyroscope; picture-in-picture\" allowfullscreen><\/iframe><\/p>\n<p>Hoje, 26 de setembro, \u00e9 comemorado o <strong>Dia Nacional do Surdo<\/strong>, uma importante data do <strong>Setembro Azul<\/strong>. Por acreditarmos que a informa\u00e7\u00e3o e o conhecimento s\u00e3o fundamentais para promover a inclus\u00e3o e o respeito \u00e0s diferen\u00e7as, destacamos algumas informa\u00e7\u00f5es importantes sobre a <strong>comunidade surda<\/strong>.<\/p>\n<p>No Brasil, existem mais de 10 milh\u00f5es de pessoas Surdas e grande parte delas n\u00e3o \u00e9 alfabetizada na l\u00edngua portuguesa, mas sim na L\u00edngua Brasileira de Sinais (Libras), reconhecida como meio legal de comunica\u00e7\u00e3o e l\u00edngua materna dos Surdos. Ainda assim, nem todos os Surdos se comunicam em Libras. Existe uma parcela de pessoas que, apesar de n\u00e3o ouvir, utilizam aparelho auditivo ou implante coclear, fazem leitura labial, ou ainda,\u00a0 comunicam-se verbalmente, pois desenvolveram a fala, em geral, com muitas sess\u00f5es de fonoterapia.<\/p>\n<p>Na comunidade surda, as pessoas s\u00e3o reconhecidas com um sinal em Libras. Em geral, esse sinal \u00e9 relacionado \u00e0 personalidade ou apar\u00eancia f\u00edsica de quem o recebe e deve ser definido exclusivamente por um Surdo.<\/p>\n<p>Outra quest\u00e3o importante envolve a alfabetiza\u00e7\u00e3o dos Surdos, que deve ser feita primeiro em Libras para garantir sua inclus\u00e3o e seu desenvolvimento educacional, j\u00e1 que sua comunica\u00e7\u00e3o e todo o aprendizado necess\u00e1rio ser\u00e3o feitos na l\u00edngua que o surdo compreende: a Libras. Desta forma, o aprendizado da l\u00edngua portuguesa deve ser posterior ao da Libras.<\/p>\n<p><strong>Confira uma mat\u00e9ria sobre<\/strong> <a href=\"https:\/\/serviir.com.br\/blog\/educacao-de-surdos\/\"><strong>os desafios e conquistas da educa\u00e7\u00e3o de surdos<\/strong><\/a><strong>!<\/strong><\/p>\n<p><strong>Terminologias e acessibilidade<\/strong><\/p>\n<p>Cada pessoa tem liberdade para escolher como quer ser reconhecida de acordo com sua vontade e todos devem respeitar esse direito. Seja como Surdo ou como pessoa com defici\u00eancia auditiva, ela \u00e9 quem sabe como se sente mais confort\u00e1vel. Vale destacar ainda que surdo-mudo N\u00c3O EXISTE, porque os Surdos t\u00eam voz. Eles apenas n\u00e3o desenvolveram a fala, pois n\u00e3o ouvem.<\/p>\n<p>O maior problema enfrentado pela comunidade surda \u00e9 a falta de acessibilidade que, no caso, envolve a comunica\u00e7\u00e3o com ouvintes. Existem leis que determinam a obrigatoriedade do ensino da Libras nas universidades, em cursos de licenciatura, por exemplo, mas isso ainda n\u00e3o \u00e9 o suficiente para transformar a realidade no que se refere ao aprendizado da Libras por toda a popula\u00e7\u00e3o. Com isso, seu acesso \u00e9 limitado e depende de intermedia\u00e7\u00e3o de um tradutor.<\/p>\n<p>E \u00e9 exatamente essa a solu\u00e7\u00e3o que a Serviir oferece: uma ferramenta de tradu\u00e7\u00e3o para permitir a comunica\u00e7\u00e3o entre Surdos e ouvintes, nas mais variadas situa\u00e7\u00f5es, porque independ\u00eancia \u00e9 nossa palavra de ordem. Vamos Serviir juntos?<\/p>\n","protected":false},"excerpt":{"rendered":"<p>Hoje, 26 de setembro, \u00e9 comemorado o Dia Nacional do Surdo, uma importante data do Setembro Azul. Por acreditarmos que a informa\u00e7\u00e3o e o conhecimento s\u00e3o fundamentais para promover a inclus\u00e3o e o respeito \u00e0s diferen\u00e7as, destacamos algumas informa\u00e7\u00f5es importantes sobre a comunidade surda. No Brasil, existem mais de 10 milh\u00f5es de pessoas Surdas e [&hellip;]<\/p>\n","protected":false},"author":3,"featured_media":700,"comment_status":"open","ping_status":"open","sticky":false,"template":"","format":"standard","meta":{"footnotes":""},"categories":[3],"tags":[],"class_list":["post-699","post","type-post","status-publish","format-standard","has-post-thumbnail","hentry","category-atualidades-do-brasil-e-do-mundo","entry","has-media"],"_links":{"self":[{"href":"https:\/\/serviir.com.br\/novosite\/wp-json\/wp\/v2\/posts\/699","targetHints":{"allow":["GET"]}}],"collection":[{"href":"https:\/\/serviir.com.br\/novosite\/wp-json\/wp\/v2\/posts"}],"about":[{"href":"https:\/\/serviir.com.br\/novosite\/wp-json\/wp\/v2\/types\/post"}],"author":[{"embeddable":true,"href":"https:\/\/serviir.com.br\/novosite\/wp-json\/wp\/v2\/users\/3"}],"replies":[{"embeddable":true,"href":"https:\/\/serviir.com.br\/novosite\/wp-json\/wp\/v2\/comments?post=699"}],"version-history":[{"count":3,"href":"https:\/\/serviir.com.br\/novosite\/wp-json\/wp\/v2\/posts\/699\/revisions"}],"predecessor-version":[{"id":704,"href":"https:\/\/serviir.com.br\/novosite\/wp-json\/wp\/v2\/posts\/699\/revisions\/704"}],"wp:featuredmedia":[{"embeddable":true,"href":"https:\/\/serviir.com.br\/novosite\/wp-json\/wp\/v2\/media\/700"}],"wp:attachment":[{"href":"https:\/\/serviir.com.br\/novosite\/wp-json\/wp\/v2\/media?parent=699"}],"wp:term":[{"taxonomy":"category","embeddable":true,"href":"https:\/\/serviir.com.br\/novosite\/wp-json\/wp\/v2\/categories?post=699"},{"taxonomy":"post_tag","embeddable":true,"href":"https:\/\/serviir.com.br\/novosite\/wp-json\/wp\/v2\/tags?post=699"}],"curies":[{"name":"wp","href":"https:\/\/api.w.org\/{rel}","templated":true}]}}