{"id":7050,"date":"2023-07-06T19:06:43","date_gmt":"2023-07-06T22:06:43","guid":{"rendered":"https:\/\/serviir.com.br\/novosite\/?p=7050"},"modified":"2023-07-06T19:08:10","modified_gmt":"2023-07-06T22:08:10","slug":"voce-sabia-que-o-brasil-vai-sediar-o-campeonato-mundial-de-badminton-de-surdos","status":"publish","type":"post","link":"https:\/\/serviir.com.br\/novosite\/voce-sabia-que-o-brasil-vai-sediar-o-campeonato-mundial-de-badminton-de-surdos\/","title":{"rendered":"Voc\u00ea sabia que o Brasil vai sediar o Campeonato Mundial de Badminton de Surdos?"},"content":{"rendered":"<p class=\"p1\">Entre os dias 10 e 25 de julho de 2023, ser\u00e1 realizado no Brasil o <strong>Campeonato Mundial de Badminton de Surdos, <\/strong>na cidade de Par\u00e1 de Minas, em Minas Gerais. O evento ter\u00e1 a participa\u00e7\u00e3o de surdoatletas de 21 pa\u00edses.<\/p>\n<p class=\"p1\">Ser\u00e3o dois eventos: o primeiro ser\u00e1 o mundial de jovens, que acontecer\u00e1 entre os dias 10 e 12 de julho. J\u00e1 entre os dias 14 e 25 de julho, ser\u00e1 realizado o mundial para adultos.<\/p>\n<p class=\"p1\">O campeonato \u00e9 organizado pela Confedera\u00e7\u00e3o Brasileira de Desportos de Surdos (CBDS), com apoio da Prefeitura de Par\u00e1 de Minas, da<span class=\"Apple-converted-space\">\u00a0 <\/span>Federa\u00e7\u00e3o Mineira Desportiva dos Surdos (FMDS), da Associa\u00e7\u00e3o de Surdos de Par\u00e1 de Minas (ASPAM) e da Physio Cl\u00ednica de fisioterapia.<\/p>\n<p class=\"p1\">Para o mundial, o Brasil ter\u00e1 a participa\u00e7\u00e3o de 6 surdoatletas na categoria adulto e 3 na categoria jovem.<span class=\"Apple-converted-space\">\u00a0 \u00a0 \u00a0<\/span><\/p>\n<p class=\"p1\">Os jogos ser\u00e3o transmitidos no <a href=\"https:\/\/www.youtube.com\/c\/cbdsbrasil\" target=\"_blank\" rel=\"noopener\">YouTube @CBDSbrasil<\/a>. Ent\u00e3o se programe para torcer pelo Brasil nesse evento t\u00e3o importante para o desporto de surdos!<\/p>\n<p class=\"p1\">Independ\u00eancia \u00e9 a nossa palavra de ordem. Vamos Serviir juntos?<\/p>\n<p>Para saber mais, acesse o site da <a href=\"https:\/\/cbds.org.br\/cbds\" target=\"_blank\" rel=\"noopener\">CBDS Brasil<\/a>.<\/p>\n<p class=\"responsive-video-wrap clr\"><iframe loading=\"lazy\" title=\"Voc\u00ea sabia que o Brasil vai sediar o Campeonato Mundial de Badminton de Surdos?\" width=\"1200\" height=\"675\" src=\"https:\/\/www.youtube.com\/embed\/a2uR5FZF_wo?feature=oembed\" frameborder=\"0\" allow=\"accelerometer; autoplay; clipboard-write; encrypted-media; gyroscope; picture-in-picture; web-share\" allowfullscreen><\/iframe><\/p>\n","protected":false},"excerpt":{"rendered":"<p>Entre os dias 10 e 25 de julho de 2023, ser\u00e1 realizado no Brasil o Campeonato Mundial de Badminton de Surdos, na cidade de Par\u00e1 de Minas, em Minas Gerais. O evento ter\u00e1 a participa\u00e7\u00e3o de surdoatletas de 21 pa\u00edses. Ser\u00e3o dois eventos: o primeiro ser\u00e1 o mundial de jovens, que acontecer\u00e1 entre os dias [&hellip;]<\/p>\n","protected":false},"author":11,"featured_media":7051,"comment_status":"open","ping_status":"open","sticky":false,"template":"","format":"standard","meta":{"footnotes":""},"categories":[3],"tags":[48,47,46],"class_list":["post-7050","post","type-post","status-publish","format-standard","has-post-thumbnail","hentry","category-atualidades-do-brasil-e-do-mundo","tag-badminton","tag-cbds","tag-desporto-de-surdos","entry","has-media"],"_links":{"self":[{"href":"https:\/\/serviir.com.br\/novosite\/wp-json\/wp\/v2\/posts\/7050","targetHints":{"allow":["GET"]}}],"collection":[{"href":"https:\/\/serviir.com.br\/novosite\/wp-json\/wp\/v2\/posts"}],"about":[{"href":"https:\/\/serviir.com.br\/novosite\/wp-json\/wp\/v2\/types\/post"}],"author":[{"embeddable":true,"href":"https:\/\/serviir.com.br\/novosite\/wp-json\/wp\/v2\/users\/11"}],"replies":[{"embeddable":true,"href":"https:\/\/serviir.com.br\/novosite\/wp-json\/wp\/v2\/comments?post=7050"}],"version-history":[{"count":3,"href":"https:\/\/serviir.com.br\/novosite\/wp-json\/wp\/v2\/posts\/7050\/revisions"}],"predecessor-version":[{"id":7054,"href":"https:\/\/serviir.com.br\/novosite\/wp-json\/wp\/v2\/posts\/7050\/revisions\/7054"}],"wp:featuredmedia":[{"embeddable":true,"href":"https:\/\/serviir.com.br\/novosite\/wp-json\/wp\/v2\/media\/7051"}],"wp:attachment":[{"href":"https:\/\/serviir.com.br\/novosite\/wp-json\/wp\/v2\/media?parent=7050"}],"wp:term":[{"taxonomy":"category","embeddable":true,"href":"https:\/\/serviir.com.br\/novosite\/wp-json\/wp\/v2\/categories?post=7050"},{"taxonomy":"post_tag","embeddable":true,"href":"https:\/\/serviir.com.br\/novosite\/wp-json\/wp\/v2\/tags?post=7050"}],"curies":[{"name":"wp","href":"https:\/\/api.w.org\/{rel}","templated":true}]}}