{"id":7059,"date":"2023-08-21T09:42:41","date_gmt":"2023-08-21T12:42:41","guid":{"rendered":"https:\/\/serviir.com.br\/novosite\/?p=7059"},"modified":"2023-08-21T09:42:41","modified_gmt":"2023-08-21T12:42:41","slug":"semana-nacional-da-pessoa-com-deficiencia-intelectual-e-multipla","status":"publish","type":"post","link":"https:\/\/serviir.com.br\/novosite\/semana-nacional-da-pessoa-com-deficiencia-intelectual-e-multipla\/","title":{"rendered":"Semana Nacional da Pessoa com Defici\u00eancia Intelectual e M\u00faltipla"},"content":{"rendered":"<p class=\"p1\">Nesta semana, entre os dias 21 e 28 de agosto, ser\u00e1 comemorada a<span class=\"Apple-converted-space\">\u00a0 <\/span><strong>Semana Nacional da Pessoa com Defici\u00eancia Intelectual e M\u00faltipla<\/strong>, uma campanha anual, desenvolvida pela <a href=\"https:\/\/www.feapaesp.org.br\/\" target=\"_blank\" rel=\"noopener\"><strong>Federa\u00e7\u00e3o Nacional das Apaes<\/strong><\/a>, desde 1963.<\/p>\n<p class=\"p1\">Em 2017, a comemora\u00e7\u00e3o passou a ser uma data do calend\u00e1rio nacional com o objetivo de conscientizar a sociedade sobre as necessidades espec\u00edficas de organiza\u00e7\u00e3o social, pol\u00edticas p\u00fablicas para promover a inclus\u00e3o e para combater o preconceito e a discrimina\u00e7\u00e3o.<\/p>\n<p class=\"p1\">Neste ano, a semana tem como tema &#8216;Conectar e somar para construir inclus\u00e3o&#8217;, que visa mostrar \u00e0 popula\u00e7\u00e3o que, diante da for\u00e7a da era da informa\u00e7\u00e3o e dos impactos causados pelo conhecimento, a conex\u00e3o interpessoal ou digital, \u00e9 uma ferramenta capaz de ampliar horizontes e perspectivas, permitindo a uni\u00e3o de esfor\u00e7os na constru\u00e7\u00e3o de uma inclus\u00e3o real para todos.<\/p>\n<p class=\"p1\">N\u00f3s, da Serviir, tamb\u00e9m acreditamos na for\u00e7a dessa uni\u00e3o e, por isso, contamos com nossos seguidores, parceiros, amigos, clientes e todos que queiram fazer parte do nosso movimento para garantir a acessibilidade, por meio da l\u00edngua de sinais, para as pessoas surdas e surdocegas.<\/p>\n<p>Confira!<\/p>\n<p class=\"responsive-video-wrap clr\"><iframe loading=\"lazy\" title=\"Semana Nacional da Pessoa com Deficie\u0302ncia Intelectual e Mu\u0301ltipla\" width=\"1200\" height=\"675\" src=\"https:\/\/www.youtube.com\/embed\/9rNJc6Mmh2U?feature=oembed\" frameborder=\"0\" allow=\"accelerometer; autoplay; clipboard-write; encrypted-media; gyroscope; picture-in-picture; web-share\" allowfullscreen><\/iframe><\/p>\n<p class=\"p1\">Independ\u00eancia \u00e9 a nossa palavra de ordem. Vamos SERViiR juntos?<\/p>\n<p class=\"p1\">Para saber mais, acesse nosso site: <a href=\"https:\/\/serviir.com.br\/novosite\/a-serviir-v2\/\" target=\"_blank\" rel=\"noopener\"><span class=\"s1\">serviir.com.br<\/span><\/a><\/p>\n","protected":false},"excerpt":{"rendered":"<p>Nesta semana, entre os dias 21 e 28 de agosto, ser\u00e1 comemorada a\u00a0 Semana Nacional da Pessoa com Defici\u00eancia Intelectual e M\u00faltipla, uma campanha anual, desenvolvida pela Federa\u00e7\u00e3o Nacional das Apaes, desde 1963. Em 2017, a comemora\u00e7\u00e3o passou a ser uma data do calend\u00e1rio nacional com o objetivo de conscientizar a sociedade sobre as necessidades [&hellip;]<\/p>\n","protected":false},"author":11,"featured_media":7060,"comment_status":"open","ping_status":"open","sticky":false,"template":"","format":"standard","meta":{"footnotes":""},"categories":[3],"tags":[49,50,51],"class_list":["post-7059","post","type-post","status-publish","format-standard","has-post-thumbnail","hentry","category-atualidades-do-brasil-e-do-mundo","tag-deficiencia-intelectual","tag-deficiencia-multipla","tag-fenapaes","entry","has-media"],"_links":{"self":[{"href":"https:\/\/serviir.com.br\/novosite\/wp-json\/wp\/v2\/posts\/7059","targetHints":{"allow":["GET"]}}],"collection":[{"href":"https:\/\/serviir.com.br\/novosite\/wp-json\/wp\/v2\/posts"}],"about":[{"href":"https:\/\/serviir.com.br\/novosite\/wp-json\/wp\/v2\/types\/post"}],"author":[{"embeddable":true,"href":"https:\/\/serviir.com.br\/novosite\/wp-json\/wp\/v2\/users\/11"}],"replies":[{"embeddable":true,"href":"https:\/\/serviir.com.br\/novosite\/wp-json\/wp\/v2\/comments?post=7059"}],"version-history":[{"count":1,"href":"https:\/\/serviir.com.br\/novosite\/wp-json\/wp\/v2\/posts\/7059\/revisions"}],"predecessor-version":[{"id":7061,"href":"https:\/\/serviir.com.br\/novosite\/wp-json\/wp\/v2\/posts\/7059\/revisions\/7061"}],"wp:featuredmedia":[{"embeddable":true,"href":"https:\/\/serviir.com.br\/novosite\/wp-json\/wp\/v2\/media\/7060"}],"wp:attachment":[{"href":"https:\/\/serviir.com.br\/novosite\/wp-json\/wp\/v2\/media?parent=7059"}],"wp:term":[{"taxonomy":"category","embeddable":true,"href":"https:\/\/serviir.com.br\/novosite\/wp-json\/wp\/v2\/categories?post=7059"},{"taxonomy":"post_tag","embeddable":true,"href":"https:\/\/serviir.com.br\/novosite\/wp-json\/wp\/v2\/tags?post=7059"}],"curies":[{"name":"wp","href":"https:\/\/api.w.org\/{rel}","templated":true}]}}