{"id":706,"date":"2020-09-30T16:34:56","date_gmt":"2020-09-30T19:34:56","guid":{"rendered":"https:\/\/serviir.com.br\/blog\/?p=706"},"modified":"2020-09-30T16:58:41","modified_gmt":"2020-09-30T19:58:41","slug":"dia-do-interprete-de-libras","status":"publish","type":"post","link":"https:\/\/serviir.com.br\/novosite\/dia-do-interprete-de-libras\/","title":{"rendered":"Dia do Int\u00e9rprete de Libras!"},"content":{"rendered":"<p class=\"responsive-video-wrap clr\"><iframe loading=\"lazy\" title=\"Dia do Int\u00e9rprete de Libras!\" width=\"1200\" height=\"675\" src=\"https:\/\/www.youtube.com\/embed\/qX6rSA5PFiU?feature=oembed\" frameborder=\"0\" allow=\"accelerometer; autoplay; clipboard-write; encrypted-media; gyroscope; picture-in-picture\" allowfullscreen><\/iframe><\/p>\n<p><strong>Hoje \u00e9 o Dia Internacional do Tradutor Int\u00e9rprete! <\/strong><\/p>\n<p>Data em que tamb\u00e9m \u00e9 homenageada a profiss\u00e3o do Int\u00e9rprete de <strong>Libras<\/strong>, profissional que torna poss\u00edvel a comunica\u00e7\u00e3o entre Surdos e ouvintes.<\/p>\n<p>Nosso reconhecimento a esses profissionais que s\u00e3o fundamentais na constru\u00e7\u00e3o de um mundo mais acess\u00edvel para todos, e que fazem da Serviir uma importante ferramenta de inclus\u00e3o para a comunidade surda.<\/p>\n<p><strong>Parab\u00e9ns!<\/strong><\/p>\n","protected":false},"excerpt":{"rendered":"<p>Hoje \u00e9 o Dia Internacional do Tradutor Int\u00e9rprete! Data em que tamb\u00e9m \u00e9 homenageada a profiss\u00e3o do Int\u00e9rprete de Libras, profissional que torna poss\u00edvel a comunica\u00e7\u00e3o entre Surdos e ouvintes. Nosso reconhecimento a esses profissionais que s\u00e3o fundamentais na constru\u00e7\u00e3o de um mundo mais acess\u00edvel para todos, e que fazem da Serviir uma importante ferramenta [&hellip;]<\/p>\n","protected":false},"author":3,"featured_media":707,"comment_status":"open","ping_status":"open","sticky":false,"template":"","format":"standard","meta":{"footnotes":""},"categories":[3],"tags":[],"class_list":["post-706","post","type-post","status-publish","format-standard","has-post-thumbnail","hentry","category-atualidades-do-brasil-e-do-mundo","entry","has-media"],"_links":{"self":[{"href":"https:\/\/serviir.com.br\/novosite\/wp-json\/wp\/v2\/posts\/706","targetHints":{"allow":["GET"]}}],"collection":[{"href":"https:\/\/serviir.com.br\/novosite\/wp-json\/wp\/v2\/posts"}],"about":[{"href":"https:\/\/serviir.com.br\/novosite\/wp-json\/wp\/v2\/types\/post"}],"author":[{"embeddable":true,"href":"https:\/\/serviir.com.br\/novosite\/wp-json\/wp\/v2\/users\/3"}],"replies":[{"embeddable":true,"href":"https:\/\/serviir.com.br\/novosite\/wp-json\/wp\/v2\/comments?post=706"}],"version-history":[{"count":4,"href":"https:\/\/serviir.com.br\/novosite\/wp-json\/wp\/v2\/posts\/706\/revisions"}],"predecessor-version":[{"id":712,"href":"https:\/\/serviir.com.br\/novosite\/wp-json\/wp\/v2\/posts\/706\/revisions\/712"}],"wp:featuredmedia":[{"embeddable":true,"href":"https:\/\/serviir.com.br\/novosite\/wp-json\/wp\/v2\/media\/707"}],"wp:attachment":[{"href":"https:\/\/serviir.com.br\/novosite\/wp-json\/wp\/v2\/media?parent=706"}],"wp:term":[{"taxonomy":"category","embeddable":true,"href":"https:\/\/serviir.com.br\/novosite\/wp-json\/wp\/v2\/categories?post=706"},{"taxonomy":"post_tag","embeddable":true,"href":"https:\/\/serviir.com.br\/novosite\/wp-json\/wp\/v2\/tags?post=706"}],"curies":[{"name":"wp","href":"https:\/\/api.w.org\/{rel}","templated":true}]}}