{"id":7066,"date":"2023-09-18T11:16:55","date_gmt":"2023-09-18T14:16:55","guid":{"rendered":"https:\/\/serviir.com.br\/novosite\/?p=7066"},"modified":"2023-09-18T11:18:43","modified_gmt":"2023-09-18T14:18:43","slug":"saiba-mais-sobre-a-campanha-nacional-setembro-amarelo","status":"publish","type":"post","link":"https:\/\/serviir.com.br\/novosite\/saiba-mais-sobre-a-campanha-nacional-setembro-amarelo\/","title":{"rendered":"Setembro Amarelo: saiba mais sobre a campanha de preven\u00e7\u00e3o ao suic\u00eddio"},"content":{"rendered":"<p>Voc\u00ea conhece a campanha Setembro Amarelo?<\/p>\n<p>Ela tem por objetivo conscientizar as pessoas sobre a import\u00e2ncia de procurar atendimento profissional sempre que precisar de ajuda psicol\u00f3gica.<\/p>\n<p>Se voc\u00ea est\u00e1 precisando de ajuda psicol\u00f3gica, acesse o site <a href=\"https:\/\/www.setembroamarelo.com\/\" target=\"_blank\" rel=\"noopener\">setembroamarelo.com<\/a> e clique em &#8220;ENCONTRE AJUDA&#8221; para saber os locais de atendimento mais perto de onde voc\u00ea est\u00e1!<\/p>\n<p>E, se voc\u00ea conhece algu\u00e9m que precisa de ajuda, compartilhe esse post!<\/p>\n<p>Convidamos a psic\u00f3loga Aline Braga Botelho (CRP 08\/20423), que \u00e9 surda, para falar sobre a import\u00e2ndia da campanha nacional de preven\u00e7\u00e3o ao suic\u00eddio \ud83e\udd1f<\/p>\n<p>Confira!<\/p>\n<p class=\"responsive-video-wrap clr\"><iframe loading=\"lazy\" title=\"Setembro Amarelo pela psic\u00f3loga Aline Braga Botelho\" width=\"1200\" height=\"675\" src=\"https:\/\/www.youtube.com\/embed\/VnNzB4rYlBU?feature=oembed\" frameborder=\"0\" allow=\"accelerometer; autoplay; clipboard-write; encrypted-media; gyroscope; picture-in-picture; web-share\" allowfullscreen><\/iframe><\/p>\n<p>&nbsp;<\/p>\n<p class=\"p1\">Independ\u00eancia \u00e9 a nossa palavra de ordem. Vamos SERViiR juntos?<\/p>\n<p class=\"p1\">Para saber mais, acesse nosso site: <a href=\"https:\/\/serviir.com.br\/novosite\/a-serviir-v2\/\" target=\"_blank\" rel=\"noopener\"><span class=\"s1\">serviir.com.br<\/span><\/a><\/p>\n","protected":false},"excerpt":{"rendered":"<p>Voc\u00ea conhece a campanha Setembro Amarelo? Ela tem por objetivo conscientizar as pessoas sobre a import\u00e2ncia de procurar atendimento profissional sempre que precisar de ajuda psicol\u00f3gica. Se voc\u00ea est\u00e1 precisando de ajuda psicol\u00f3gica, acesse o site setembroamarelo.com e clique em &#8220;ENCONTRE AJUDA&#8221; para saber os locais de atendimento mais perto de onde voc\u00ea est\u00e1! E, [&hellip;]<\/p>\n","protected":false},"author":11,"featured_media":7069,"comment_status":"open","ping_status":"open","sticky":false,"template":"","format":"standard","meta":{"footnotes":""},"categories":[1],"tags":[19,23,53,54,52],"class_list":["post-7066","post","type-post","status-publish","format-standard","has-post-thumbnail","hentry","category-saude-e-bem-estar","tag-acessibilidade","tag-comunidade-surda","tag-prevencao-ao-suicidio","tag-psicologia","tag-setembro-amarelo","entry","has-media"],"_links":{"self":[{"href":"https:\/\/serviir.com.br\/novosite\/wp-json\/wp\/v2\/posts\/7066","targetHints":{"allow":["GET"]}}],"collection":[{"href":"https:\/\/serviir.com.br\/novosite\/wp-json\/wp\/v2\/posts"}],"about":[{"href":"https:\/\/serviir.com.br\/novosite\/wp-json\/wp\/v2\/types\/post"}],"author":[{"embeddable":true,"href":"https:\/\/serviir.com.br\/novosite\/wp-json\/wp\/v2\/users\/11"}],"replies":[{"embeddable":true,"href":"https:\/\/serviir.com.br\/novosite\/wp-json\/wp\/v2\/comments?post=7066"}],"version-history":[{"count":4,"href":"https:\/\/serviir.com.br\/novosite\/wp-json\/wp\/v2\/posts\/7066\/revisions"}],"predecessor-version":[{"id":7071,"href":"https:\/\/serviir.com.br\/novosite\/wp-json\/wp\/v2\/posts\/7066\/revisions\/7071"}],"wp:featuredmedia":[{"embeddable":true,"href":"https:\/\/serviir.com.br\/novosite\/wp-json\/wp\/v2\/media\/7069"}],"wp:attachment":[{"href":"https:\/\/serviir.com.br\/novosite\/wp-json\/wp\/v2\/media?parent=7066"}],"wp:term":[{"taxonomy":"category","embeddable":true,"href":"https:\/\/serviir.com.br\/novosite\/wp-json\/wp\/v2\/categories?post=7066"},{"taxonomy":"post_tag","embeddable":true,"href":"https:\/\/serviir.com.br\/novosite\/wp-json\/wp\/v2\/tags?post=7066"}],"curies":[{"name":"wp","href":"https:\/\/api.w.org\/{rel}","templated":true}]}}