{"id":7085,"date":"2023-12-18T09:14:55","date_gmt":"2023-12-18T12:14:55","guid":{"rendered":"https:\/\/serviir.com.br\/novosite\/?p=7085"},"modified":"2023-12-18T09:14:55","modified_gmt":"2023-12-18T12:14:55","slug":"voce-conhece-a-campanha-dezembro-vermelho","status":"publish","type":"post","link":"https:\/\/serviir.com.br\/novosite\/voce-conhece-a-campanha-dezembro-vermelho\/","title":{"rendered":"Voc\u00ea conhece a campanha Dezembro Vermelho?"},"content":{"rendered":"<p class=\"responsive-video-wrap clr\"><iframe loading=\"lazy\" title=\"Dezembro Vermelho\" width=\"1200\" height=\"675\" src=\"https:\/\/www.youtube.com\/embed\/AJSDwDy8tAQ?feature=oembed\" frameborder=\"0\" allow=\"accelerometer; autoplay; clipboard-write; encrypted-media; gyroscope; picture-in-picture; web-share\" allowfullscreen><\/iframe><\/p>\n<p>&nbsp;<\/p>\n<p class=\"p3\">A campanha Dezembro Vermelho foi institu\u00edda no Brasil em 2017, com a proposta de mobilizar a popula\u00e7\u00e3o sobre a preven\u00e7\u00e3o ao v\u00edrus HIV, a Aids e a outras infec\u00e7\u00f5es sexualmente transmiss\u00edveis.<\/p>\n<p class=\"p3\">A campanha tamb\u00e9m pretende chamar a aten\u00e7\u00e3o para a preven\u00e7\u00e3o, a assist\u00eancia e a prote\u00e7\u00e3o dos direitos das pessoas infectadas com o HIV.<\/p>\n<p class=\"p3\">Segundo dados do Minist\u00e9rio da Sa\u00fade, no Brasil, cerca de 92% das pessoas em tratamento j\u00e1 atingiram o est\u00e1gio de n\u00e3o transmitir o v\u00edrus. Com isso, elas conseguem manter a qualidade de vida sem manifestar os sintomas da Aids.<\/p>\n<p class=\"p3\">Vale destacar ainda que o uso do preservativo, masculino ou feminino, \u00e9 o m\u00e9todo mais eficaz para evitar a transmiss\u00e3o de infec\u00e7\u00f5es sexualmente transmiss\u00edveis, do HIV\/Aids e das hepatites virais B e C.<\/p>\n<p class=\"p3\">As unidades de sa\u00fade do SUS disponibilizam gratuitamente preservativos masculinos e femininos. E o Sistema \u00danico de Sa\u00fade (SUS) disponibiliza para a popula\u00e7\u00e3o tratamento e tamb\u00e9m recursos de preven\u00e7\u00e3o da infec\u00e7\u00e3o pelo v\u00edrus do HIV, al\u00e9m de ampliar o acesso ao diagn\u00f3stico precoce.<\/p>\n<p class=\"p3\">A SERViiR se orgulha de fazer parte do movimento pela inclus\u00e3o das pessoas surdas, garantindo acessibilidade em Libras.<\/p>\n<p class=\"p3\">Para saber mais, acesse o site: <a href=\"https:\/\/serviir.com.br\/novosite\/\" target=\"_blank\" rel=\"noopener\"><span class=\"s1\">serviir.com.br<\/span><\/a><\/p>\n<p class=\"p3\">Porque independ\u00eancia \u00e9 nossa palavra de ordem.<\/p>\n<p class=\"p3\">Vamos SERViiR juntos?<\/p>\n","protected":false},"excerpt":{"rendered":"<p>&nbsp; A campanha Dezembro Vermelho foi institu\u00edda no Brasil em 2017, com a proposta de mobilizar a popula\u00e7\u00e3o sobre a preven\u00e7\u00e3o ao v\u00edrus HIV, a Aids e a outras infec\u00e7\u00f5es sexualmente transmiss\u00edveis. A campanha tamb\u00e9m pretende chamar a aten\u00e7\u00e3o para a preven\u00e7\u00e3o, a assist\u00eancia e a prote\u00e7\u00e3o dos direitos das pessoas infectadas com o HIV. [&hellip;]<\/p>\n","protected":false},"author":11,"featured_media":7086,"comment_status":"open","ping_status":"open","sticky":false,"template":"","format":"standard","meta":{"footnotes":""},"categories":[1],"tags":[19,58,57,23,55,59,56,17],"class_list":["post-7085","post","type-post","status-publish","format-standard","has-post-thumbnail","hentry","category-saude-e-bem-estar","tag-acessibilidade","tag-aids","tag-central-de-libras","tag-comunidade-surda","tag-dezembro-vermelho","tag-hiv","tag-ist","tag-lingua-de-sinais","entry","has-media"],"_links":{"self":[{"href":"https:\/\/serviir.com.br\/novosite\/wp-json\/wp\/v2\/posts\/7085","targetHints":{"allow":["GET"]}}],"collection":[{"href":"https:\/\/serviir.com.br\/novosite\/wp-json\/wp\/v2\/posts"}],"about":[{"href":"https:\/\/serviir.com.br\/novosite\/wp-json\/wp\/v2\/types\/post"}],"author":[{"embeddable":true,"href":"https:\/\/serviir.com.br\/novosite\/wp-json\/wp\/v2\/users\/11"}],"replies":[{"embeddable":true,"href":"https:\/\/serviir.com.br\/novosite\/wp-json\/wp\/v2\/comments?post=7085"}],"version-history":[{"count":1,"href":"https:\/\/serviir.com.br\/novosite\/wp-json\/wp\/v2\/posts\/7085\/revisions"}],"predecessor-version":[{"id":7087,"href":"https:\/\/serviir.com.br\/novosite\/wp-json\/wp\/v2\/posts\/7085\/revisions\/7087"}],"wp:featuredmedia":[{"embeddable":true,"href":"https:\/\/serviir.com.br\/novosite\/wp-json\/wp\/v2\/media\/7086"}],"wp:attachment":[{"href":"https:\/\/serviir.com.br\/novosite\/wp-json\/wp\/v2\/media?parent=7085"}],"wp:term":[{"taxonomy":"category","embeddable":true,"href":"https:\/\/serviir.com.br\/novosite\/wp-json\/wp\/v2\/categories?post=7085"},{"taxonomy":"post_tag","embeddable":true,"href":"https:\/\/serviir.com.br\/novosite\/wp-json\/wp\/v2\/tags?post=7085"}],"curies":[{"name":"wp","href":"https:\/\/api.w.org\/{rel}","templated":true}]}}