{"id":754,"date":"2020-11-10T00:00:09","date_gmt":"2020-11-10T03:00:09","guid":{"rendered":"https:\/\/serviir.com.br\/blog\/?p=754"},"modified":"2020-11-06T14:36:36","modified_gmt":"2020-11-06T17:36:36","slug":"a-importancia-da-libras-para-promover-a-inclusao-dos-surdos","status":"publish","type":"post","link":"https:\/\/serviir.com.br\/novosite\/a-importancia-da-libras-para-promover-a-inclusao-dos-surdos\/","title":{"rendered":"A import\u00e2ncia da Libras para promover a inclus\u00e3o dos surdos"},"content":{"rendered":"<p class=\"responsive-video-wrap clr\"><iframe loading=\"lazy\" title=\"A import\u00e2ncia da Libras para promover a inclus\u00e3o dos surdos\" width=\"1200\" height=\"675\" src=\"https:\/\/www.youtube.com\/embed\/vFgpWNDmjtY?feature=oembed\" frameborder=\"0\" allow=\"accelerometer; autoplay; clipboard-write; encrypted-media; gyroscope; picture-in-picture\" allowfullscreen><\/iframe><\/p>\n<p>No Dia Nacional de Preven\u00e7\u00e3o e Combate \u00e0 Surdez (10 de novembro), vamos falar sobre a <strong>import\u00e2ncia da Libras para a inclus\u00e3o dos surdos<\/strong>. Reconhecida pela Lei n\u00ba 10.436, de 24 de abril de 2002, como meio legal de comunica\u00e7\u00e3o e express\u00e3o, a L\u00edngua Brasileira de Sinais (Libras) \u00e9 a l\u00edngua materna da <strong>comunidade surda<\/strong> no Brasil, al\u00e9m de ser fundamental para garantir a comunica\u00e7\u00e3o dos surdos.<\/p>\n<p>Com origem na L\u00edngua Francesa de Sinais (LSF), a Libras consiste em um sistema lingu\u00edstico de natureza visual-motora, com estrutura gramatical pr\u00f3pria e est\u00e1 em constante transforma\u00e7\u00e3o, desde que seus estudos foram iniciados no Brasil, em 1981. Com isso, sempre surgem novos sinais ou a readequa\u00e7\u00e3o dos sinais j\u00e1 conhecidos.<\/p>\n<p>&nbsp;<\/p>\n<p><strong>Inclus\u00e3o dos surdos<\/strong><\/p>\n<p>Por se tratar de uma \u2018defici\u00eancia invis\u00edvel\u2019, a surdez ainda \u00e9 ignorada pela sociedade. Por isso, a Libras \u00e9 t\u00e3o importante e deve ser uma l\u00edngua acess\u00edvel para todos, garantindo a comunica\u00e7\u00e3o das pessoas surdas entre si e, \u00e9 claro, dos surdos com ouvintes.<\/p>\n<p>Mas, para que isso aconte\u00e7a, ela precisa ser inclu\u00edda na grade curricular da educa\u00e7\u00e3o b\u00e1sica \u00e0s universidades, por docentes com gradua\u00e7\u00e3o espec\u00edfica de licenciatura plena em letras, como prev\u00ea a legisla\u00e7\u00e3o, que ainda n\u00e3o \u00e9 cumprida.<\/p>\n<p>Em um mundo ideal, a janela com a tradu\u00e7\u00e3o em Libras tamb\u00e9m deveria estar em todos os programas de TV (aberta e fechada), nos filmes em exibi\u00e7\u00e3o em todas as salas de cinema do pa\u00eds e em todos os espet\u00e1culos teatrais em cartaz.<\/p>\n<p>Da mesma forma, todos os lugares deveriam ter profissionais qualificados para atender os surdos, em Libras: hospitais, bancos, com\u00e9rcios, aeroportos, rodovi\u00e1rias, esta\u00e7\u00f5es de trem e metr\u00f4, hot\u00e9is, restaurantes&#8230;<\/p>\n<p>No entanto, essa \u00e9 uma realidade que ainda parece distante para a comunidade surda e enquanto ela n\u00e3o acontecer, os surdos ainda ter\u00e3o seu direito \u00e0 inclus\u00e3o negado.<\/p>\n<p>Enquanto isso n\u00e3o acontece, a comunica\u00e7\u00e3o entre surdos e ouvintes pode ser feito por meio de um int\u00e9rprete de Libras. E \u00e9 exatamente isso que a Serviir oferece: servi\u00e7os de tradu\u00e7\u00e3o para promover a comunica\u00e7\u00e3o entre surdos e ouvintes, por meio de uma chamada de v\u00eddeo.<\/p>\n<p>Dessa forma, possibilitamos a comunica\u00e7\u00e3o dos surdos de forma simples e pr\u00e1tica, nas mais variadas situa\u00e7\u00f5es. Para conhecer mais sobre os servi\u00e7os, <a href=\"https:\/\/serviir.com.br\/contato\">fa\u00e7a contato com a equipe da Serviir<\/a>.<\/p>\n<p>Independ\u00eancia \u00e9 nossa palavra de ordem. Vamos Serviir juntos?<\/p>\n","protected":false},"excerpt":{"rendered":"<p>No Dia Nacional de Preven\u00e7\u00e3o e Combate \u00e0 Surdez (10 de novembro), vamos falar sobre a import\u00e2ncia da Libras para a inclus\u00e3o dos surdos. Reconhecida pela Lei n\u00ba 10.436, de 24 de abril de 2002, como meio legal de comunica\u00e7\u00e3o e express\u00e3o, a L\u00edngua Brasileira de Sinais (Libras) \u00e9 a l\u00edngua materna da comunidade surda [&hellip;]<\/p>\n","protected":false},"author":3,"featured_media":755,"comment_status":"open","ping_status":"open","sticky":false,"template":"","format":"standard","meta":{"footnotes":""},"categories":[3],"tags":[],"class_list":["post-754","post","type-post","status-publish","format-standard","has-post-thumbnail","hentry","category-atualidades-do-brasil-e-do-mundo","entry","has-media"],"_links":{"self":[{"href":"https:\/\/serviir.com.br\/novosite\/wp-json\/wp\/v2\/posts\/754","targetHints":{"allow":["GET"]}}],"collection":[{"href":"https:\/\/serviir.com.br\/novosite\/wp-json\/wp\/v2\/posts"}],"about":[{"href":"https:\/\/serviir.com.br\/novosite\/wp-json\/wp\/v2\/types\/post"}],"author":[{"embeddable":true,"href":"https:\/\/serviir.com.br\/novosite\/wp-json\/wp\/v2\/users\/3"}],"replies":[{"embeddable":true,"href":"https:\/\/serviir.com.br\/novosite\/wp-json\/wp\/v2\/comments?post=754"}],"version-history":[{"count":1,"href":"https:\/\/serviir.com.br\/novosite\/wp-json\/wp\/v2\/posts\/754\/revisions"}],"predecessor-version":[{"id":756,"href":"https:\/\/serviir.com.br\/novosite\/wp-json\/wp\/v2\/posts\/754\/revisions\/756"}],"wp:featuredmedia":[{"embeddable":true,"href":"https:\/\/serviir.com.br\/novosite\/wp-json\/wp\/v2\/media\/755"}],"wp:attachment":[{"href":"https:\/\/serviir.com.br\/novosite\/wp-json\/wp\/v2\/media?parent=754"}],"wp:term":[{"taxonomy":"category","embeddable":true,"href":"https:\/\/serviir.com.br\/novosite\/wp-json\/wp\/v2\/categories?post=754"},{"taxonomy":"post_tag","embeddable":true,"href":"https:\/\/serviir.com.br\/novosite\/wp-json\/wp\/v2\/tags?post=754"}],"curies":[{"name":"wp","href":"https:\/\/api.w.org\/{rel}","templated":true}]}}