{"id":764,"date":"2020-11-20T00:01:32","date_gmt":"2020-11-20T03:01:32","guid":{"rendered":"https:\/\/serviir.com.br\/blog\/?p=764"},"modified":"2020-11-17T12:25:15","modified_gmt":"2020-11-17T15:25:15","slug":"dia-da-consciencia-negra","status":"publish","type":"post","link":"https:\/\/serviir.com.br\/novosite\/dia-da-consciencia-negra\/","title":{"rendered":"Dia da Consci\u00eancia Negra"},"content":{"rendered":"<p class=\"responsive-video-wrap clr\"><iframe loading=\"lazy\" title=\"Dia da Consci\u00eancia Negra\" width=\"1200\" height=\"675\" src=\"https:\/\/www.youtube.com\/embed\/Ax2nDwEqbtM?feature=oembed\" frameborder=\"0\" allow=\"accelerometer; autoplay; clipboard-write; encrypted-media; gyroscope; picture-in-picture\" allowfullscreen><\/iframe><\/p>\n<p><span style=\"font-size: 10.0pt; font-family: 'Verdana',sans-serif;\">Ol\u00e1, tudo bem?<\/span><\/p>\n<p><span style=\"font-size: 10.0pt; font-family: 'Verdana',sans-serif;\">Meu nome \u00e9 Amanda, meu sinal \u00e9 esse. Sou surda e sou negra.<\/span><\/p>\n<p><span style=\"font-size: 10.0pt; font-family: 'Verdana',sans-serif;\">Eu vim aqui nesse v\u00eddeo pra passar para voc\u00eas a import\u00e2ncia da representatividade negra dentro da comunidade surda.<\/span><\/p>\n<p><span style=\"font-size: 10.0pt; font-family: 'Verdana',sans-serif;\">Agrade\u00e7o o convite da Serviir.<\/span><\/p>\n<p><span style=\"font-size: 10.0pt; font-family: 'Verdana',sans-serif;\">Dia 20 de novembro, \u00e9 o Dia da Consci\u00eancia Negra. Mas, a comemora\u00e7\u00e3o \u00e9 s\u00f3 nesse dia? S\u00f3 no m\u00eas de novembro?<\/span><\/p>\n<p><span style=\"font-size: 10.0pt; font-family: 'Verdana',sans-serif;\">Vamos olhar l\u00e1 atr\u00e1s, em toda nossa hist\u00f3ria de sofrimento e escravid\u00e3o, onde o povo negro j\u00e1 sofria, naquela \u00e9poca, e sofre at\u00e9 os dias de hoje.<\/span><\/p>\n<p><span style=\"font-size: 10.0pt; font-family: 'Verdana',sans-serif;\">A comemora\u00e7\u00e3o n\u00e3o \u00e9 somente no dia de hoje. A representatividade do povo negro n\u00e3o deve ser s\u00f3 hoje. Mas sim todos os dias, vindo de muitos tempos de sofrimento, racismo e preconceito.<\/span><\/p>\n<p><span style=\"font-size: 10.0pt; font-family: 'Verdana',sans-serif;\">A luta do povo negro \u00e9 pela igualdade, onde queremos escolher estudar em uma escola p\u00fablica ou particular, entrar em uma faculdade e poder cursar o n\u00edvel superior, ter oportunidades no mercado de trabalho e sal\u00e1rio compat\u00edvel. N\u00e3o pensar no negro apenas para o cumprimento de cotas.<\/span><\/p>\n<p><span style=\"font-size: 10.0pt; font-family: 'Verdana',sans-serif;\">O povo negro tem uma hist\u00f3ria de anos de sofrimento de muita luta, e com essa luta conseguimos direitos legais. Queremos com isso que o preconceito e a desigualdade diminuam.<\/span><\/p>\n<p><span style=\"font-size: 10.0pt; font-family: 'Verdana',sans-serif;\">Lutamos porque queremos paz, amor e igualdade!<\/span><\/p>\n<p><span style=\"font-size: 10.0pt; font-family: 'Verdana',sans-serif;\">Tenho orgulho de ser mulher, surda e negra!<\/span><\/p>\n<p><span style=\"font-size: 10.0pt; font-family: 'Verdana',sans-serif;\">E isso \u00e9 muito importante, eu mostrar para a comunidade surda a representatividade dos negros. Relembrar a nossa hist\u00f3ria de sofrimento com a escravid\u00e3o, preconceitos e massacres.\u00a0<\/span><\/p>\n<p><span style=\"font-size: 10.0pt; font-family: 'Verdana',sans-serif;\">Estamos aqui para comemorar esse dia t\u00e3o importante, mas tamb\u00e9m dizer que devemos lembrar todos os dias, n\u00e3o s\u00f3 hoje.<\/span><\/p>\n<p><span style=\"font-size: 10.0pt; font-family: 'Verdana',sans-serif;\">Parab\u00e9ns pelo Dia da Consci\u00eancia Negra.<\/span><\/p>\n","protected":false},"excerpt":{"rendered":"<p>Ol\u00e1, tudo bem? Meu nome \u00e9 Amanda, meu sinal \u00e9 esse. Sou surda e sou negra. Eu vim aqui nesse v\u00eddeo pra passar para voc\u00eas a import\u00e2ncia da representatividade negra dentro da comunidade surda. Agrade\u00e7o o convite da Serviir. Dia 20 de novembro, \u00e9 o Dia da Consci\u00eancia Negra. Mas, a comemora\u00e7\u00e3o \u00e9 s\u00f3 nesse [&hellip;]<\/p>\n","protected":false},"author":3,"featured_media":766,"comment_status":"open","ping_status":"open","sticky":false,"template":"","format":"standard","meta":{"footnotes":""},"categories":[3],"tags":[],"class_list":["post-764","post","type-post","status-publish","format-standard","has-post-thumbnail","hentry","category-atualidades-do-brasil-e-do-mundo","entry","has-media"],"_links":{"self":[{"href":"https:\/\/serviir.com.br\/novosite\/wp-json\/wp\/v2\/posts\/764","targetHints":{"allow":["GET"]}}],"collection":[{"href":"https:\/\/serviir.com.br\/novosite\/wp-json\/wp\/v2\/posts"}],"about":[{"href":"https:\/\/serviir.com.br\/novosite\/wp-json\/wp\/v2\/types\/post"}],"author":[{"embeddable":true,"href":"https:\/\/serviir.com.br\/novosite\/wp-json\/wp\/v2\/users\/3"}],"replies":[{"embeddable":true,"href":"https:\/\/serviir.com.br\/novosite\/wp-json\/wp\/v2\/comments?post=764"}],"version-history":[{"count":2,"href":"https:\/\/serviir.com.br\/novosite\/wp-json\/wp\/v2\/posts\/764\/revisions"}],"predecessor-version":[{"id":768,"href":"https:\/\/serviir.com.br\/novosite\/wp-json\/wp\/v2\/posts\/764\/revisions\/768"}],"wp:featuredmedia":[{"embeddable":true,"href":"https:\/\/serviir.com.br\/novosite\/wp-json\/wp\/v2\/media\/766"}],"wp:attachment":[{"href":"https:\/\/serviir.com.br\/novosite\/wp-json\/wp\/v2\/media?parent=764"}],"wp:term":[{"taxonomy":"category","embeddable":true,"href":"https:\/\/serviir.com.br\/novosite\/wp-json\/wp\/v2\/categories?post=764"},{"taxonomy":"post_tag","embeddable":true,"href":"https:\/\/serviir.com.br\/novosite\/wp-json\/wp\/v2\/tags?post=764"}],"curies":[{"name":"wp","href":"https:\/\/api.w.org\/{rel}","templated":true}]}}