{"id":771,"date":"2020-11-19T09:49:26","date_gmt":"2020-11-19T12:49:26","guid":{"rendered":"https:\/\/serviir.com.br\/blog\/?p=771"},"modified":"2020-12-03T10:02:16","modified_gmt":"2020-12-03T13:02:16","slug":"novembro-azul-destaca-os-cuidados-com-a-saude-do-homem","status":"publish","type":"post","link":"https:\/\/serviir.com.br\/novosite\/novembro-azul-destaca-os-cuidados-com-a-saude-do-homem\/","title":{"rendered":"Novembro Azul destaca os cuidados com a sa\u00fade do homem"},"content":{"rendered":"<p class=\"responsive-video-wrap clr\"><iframe loading=\"lazy\" title=\"Novembro Azul destaca os cuidados com a sa\u00fade do homem\" width=\"1200\" height=\"675\" src=\"https:\/\/www.youtube.com\/embed\/o_ypC4i24Cs?feature=oembed\" frameborder=\"0\" allow=\"accelerometer; autoplay; clipboard-write; encrypted-media; gyroscope; picture-in-picture\" allowfullscreen><\/iframe><\/p>\n<p>O <strong>Novembro Azul <\/strong>teve origem em 2003, na Austr\u00e1lia, com o objetivo de chamar a aten\u00e7\u00e3o para as doen\u00e7as que atingem a popula\u00e7\u00e3o masculina, visando a preven\u00e7\u00e3o e o diagn\u00f3stico precoce.<\/p>\n<p>A import\u00e2ncia do olhar do homem para sua sa\u00fade de forma integral \u00e9 um fator importante para a longevidade com qualidade de vida.<\/p>\n<p>Analisando especificamente o c\u00e2ncer de pr\u00f3stata, dados do Instituto Nacional do c\u00e2ncer (INCA) apontam que no tri\u00eanio de 2020-2022 ocorrer\u00e3o 65.840 mil casos no Brasil. Isso significa que a cada 100 mil pessoas, ocorrer\u00e3o 62,95 novos casos.<\/p>\n<p>Esses sinais merecem aten\u00e7\u00e3o: dificuldade de urinar; necessidade de urinar mais vezes durante o dia e a noite; presen\u00e7a de sangue na urina; diminui\u00e7\u00e3o do jato urin\u00e1rio. Eles podem n\u00e3o ser c\u00e2ncer, mas outras doen\u00e7as n\u00e3o malignas como hiperplasia n\u00e3o maligna de pr\u00f3stata (aumento benigno) e prostatite (inflama\u00e7\u00e3o da pr\u00f3stata, causada geralmente por bact\u00e9ria).<\/p>\n<p>Os exames de rotina s\u00e3o o temido toque retal e um exame de sangue, chamado PSA \u2013 Ant\u00edgeno Prost\u00e1tico Espec\u00edfico. Necessitando de complementa\u00e7\u00e3o, o m\u00e9dico vai solicitar uma bi\u00f3psia de pr\u00f3stata, que consiste em retirar fragmentos para an\u00e1lise laboratorial.<\/p>\n<p>Algumas situa\u00e7\u00f5es, denominadas fatores de risco, est\u00e3o associadas ao maior risco de adoecimento. S\u00e3o elas: idade \u2013 no Brasil, a cada 10 diagn\u00f3sticos, 9 s\u00e3o de homens com mais de 55 anos; hist\u00f3rico familiar \u2013 homens que tiveram pai ou irm\u00e3o com c\u00e2ncer em idade menor que 60 anos; sobrepreso ou obesidade \u2013 maior risco de c\u00e2ncer de pr\u00f3stata nessa popula\u00e7\u00e3o.<\/p>\n<p>Ado\u00e7\u00e3o de pr\u00e1ticas saud\u00e1veis diminuiu risco de v\u00e1rias doen\u00e7as, incluindo o c\u00e2ncer de pr\u00f3stata: alimenta\u00e7\u00e3o saud\u00e1vel, pr\u00e1ticas esportivas, n\u00e3o fumar e evitar consumo de bebidas alco\u00f3licas s\u00e3o excelentes aliados de uma vida saud\u00e1vel.<\/p>\n","protected":false},"excerpt":{"rendered":"<p>O Novembro Azul teve origem em 2003, na Austr\u00e1lia, com o objetivo de chamar a aten\u00e7\u00e3o para as doen\u00e7as que atingem a popula\u00e7\u00e3o masculina, visando a preven\u00e7\u00e3o e o diagn\u00f3stico precoce. A import\u00e2ncia do olhar do homem para sua sa\u00fade de forma integral \u00e9 um fator importante para a longevidade com qualidade de vida. Analisando [&hellip;]<\/p>\n","protected":false},"author":3,"featured_media":775,"comment_status":"open","ping_status":"open","sticky":false,"template":"","format":"standard","meta":{"footnotes":""},"categories":[1],"tags":[],"class_list":["post-771","post","type-post","status-publish","format-standard","has-post-thumbnail","hentry","category-saude-e-bem-estar","entry","has-media"],"_links":{"self":[{"href":"https:\/\/serviir.com.br\/novosite\/wp-json\/wp\/v2\/posts\/771","targetHints":{"allow":["GET"]}}],"collection":[{"href":"https:\/\/serviir.com.br\/novosite\/wp-json\/wp\/v2\/posts"}],"about":[{"href":"https:\/\/serviir.com.br\/novosite\/wp-json\/wp\/v2\/types\/post"}],"author":[{"embeddable":true,"href":"https:\/\/serviir.com.br\/novosite\/wp-json\/wp\/v2\/users\/3"}],"replies":[{"embeddable":true,"href":"https:\/\/serviir.com.br\/novosite\/wp-json\/wp\/v2\/comments?post=771"}],"version-history":[{"count":1,"href":"https:\/\/serviir.com.br\/novosite\/wp-json\/wp\/v2\/posts\/771\/revisions"}],"predecessor-version":[{"id":773,"href":"https:\/\/serviir.com.br\/novosite\/wp-json\/wp\/v2\/posts\/771\/revisions\/773"}],"wp:featuredmedia":[{"embeddable":true,"href":"https:\/\/serviir.com.br\/novosite\/wp-json\/wp\/v2\/media\/775"}],"wp:attachment":[{"href":"https:\/\/serviir.com.br\/novosite\/wp-json\/wp\/v2\/media?parent=771"}],"wp:term":[{"taxonomy":"category","embeddable":true,"href":"https:\/\/serviir.com.br\/novosite\/wp-json\/wp\/v2\/categories?post=771"},{"taxonomy":"post_tag","embeddable":true,"href":"https:\/\/serviir.com.br\/novosite\/wp-json\/wp\/v2\/tags?post=771"}],"curies":[{"name":"wp","href":"https:\/\/api.w.org\/{rel}","templated":true}]}}