{"id":778,"date":"2020-12-03T10:07:25","date_gmt":"2020-12-03T13:07:25","guid":{"rendered":"https:\/\/serviir.com.br\/blog\/?p=778"},"modified":"2021-03-16T10:22:53","modified_gmt":"2021-03-16T13:22:53","slug":"dia-internacional-das-pessoas-com-deficiencia-por-roger-prestes","status":"publish","type":"post","link":"https:\/\/serviir.com.br\/novosite\/dia-internacional-das-pessoas-com-deficiencia-por-roger-prestes\/","title":{"rendered":"Dia Internacional das Pessoas com Defici\u00eancia por Roger Prestes"},"content":{"rendered":"<p class=\"responsive-video-wrap clr\"><iframe loading=\"lazy\" title=\"Dia Internacional das Pessoas com Defici\u00eancia por Roger Prestes\" width=\"1200\" height=\"675\" src=\"https:\/\/www.youtube.com\/embed\/ezj4KIF7ZKo?feature=oembed\" frameborder=\"0\" allow=\"accelerometer; autoplay; clipboard-write; encrypted-media; gyroscope; picture-in-picture\" allowfullscreen><\/iframe><\/p>\n<p><span style=\"font-weight: 400;\">Ol\u00e1, tudo bem? Meu nome \u00e9 Roger, meu sinal na comunidade surda \u00e9 este. Sou professor universit\u00e1rio da UFCA (Universidade Federal do Cariri) que \u00e9 uma universidade que fica em Juazeiro do Norte, no estado do Cear\u00e1.\u00a0<\/span><\/p>\n<p><span style=\"font-weight: 400;\">Na verdade, eu nasci no Rio Grande do Sul e estou aqui para falar um pouquinho sobre o movimento das <\/span><b>pessoas com defici\u00eancia<\/b><span style=\"font-weight: 400;\">. Eu estou inserido dentro deste movimento, desta luta, na causa das pessoas com defici\u00eancia h\u00e1 mais de 20 anos.\u00a0<\/span><\/p>\n<p><span style=\"font-weight: 400;\">Dentro da luta, dos movimentos, tamb\u00e9m fui vice-presidente do conselho estadual do direito das pessoas com defici\u00eancia do Rio Grande do Sul, tamb\u00e9m atuando na secretaria municipal da pessoa com defici\u00eancia l\u00e1 em Porto Alegre. Essa minha experi\u00eancia, essa minha bagagem com a luta e de estar inserido no movimento das pessoas com defici\u00eancia, e sobretudo com a comunidade surda.\u00a0<\/span><\/p>\n<p><span style=\"font-weight: 400;\">E o dia 3 de dezembro \u00e9 um dia muito importante. \u00c9 um marco hist\u00f3rico no movimento das pessoas com defici\u00eancia em n\u00edvel internacional, pois ele representa a nossa luta, representa o nosso valor, a nossa cultura, o nosso protagonismo dentro da pol\u00edtica ou dentro das quest\u00f5es sociais, e ent\u00e3o n\u00f3s sabemos que cada pessoa precisa ser respeitada, mesmo diante das diferen\u00e7as, n\u00e3o \u00e9 mesmo? Dentro da nossa sociedade&#8230; Ent\u00e3o a luta de fato ela representa o qu\u00ea? Ela quebra paradigmas, quebra barreiras. E a\u00ed eu me lembro de uma frase: \u201cNada sobre n\u00f3s, sem n\u00f3s\u201d, ou seja, se n\u00e3o nos chamarem, se n\u00f3s n\u00e3o estivermos na luta, na pol\u00edtica, ou dentro da diversidade na luta, isso n\u00e3o tem sentido, ent\u00e3o a\u00a0 sociedade precisa respeitar a nossa presen\u00e7a tamb\u00e9m dentro desse espa\u00e7o de luta.\u00a0<\/span><\/p>\n<p><span style=\"font-weight: 400;\">Ent\u00e3o, a primeira coisa que n\u00f3s precisamos \u00e9 esta uni\u00e3o, n\u00e3o \u00e9 mesmo? Ent\u00e3o, eu espero que este dia 03 de dezembro seja um marco hist\u00f3rico na luta das pessoas com defici\u00eancia e tamb\u00e9m um dia de valorizar a cultura, a l\u00edngua, a identidade, a visibilidade.\u00a0<\/span><\/p>\n<p><span style=\"font-weight: 400;\">Desta forma, que possamos ter um momento agora para falar de uma frase de um autor, do Foucault, que diz: \u201cA luta sempre tem que estar inserida dentro da comunidade para haver uma transforma\u00e7\u00e3o de verdade\u201d.\u00a0<\/span><\/p>\n<p><span style=\"font-weight: 400;\">Ent\u00e3o, a nossa luta continua, ela n\u00e3o parou. Um grande abra\u00e7o \u00e0 voc\u00eas. Tchau!<\/span><\/p>\n","protected":false},"excerpt":{"rendered":"<p>Ol\u00e1, tudo bem? Meu nome \u00e9 Roger, meu sinal na comunidade surda \u00e9 este. Sou professor universit\u00e1rio da UFCA (Universidade Federal do Cariri) que \u00e9 uma universidade que fica em Juazeiro do Norte, no estado do Cear\u00e1.\u00a0 Na verdade, eu nasci no Rio Grande do Sul e estou aqui para falar um pouquinho sobre o [&hellip;]<\/p>\n","protected":false},"author":3,"featured_media":780,"comment_status":"open","ping_status":"open","sticky":false,"template":"","format":"standard","meta":{"footnotes":""},"categories":[3],"tags":[],"class_list":["post-778","post","type-post","status-publish","format-standard","has-post-thumbnail","hentry","category-atualidades-do-brasil-e-do-mundo","entry","has-media"],"_links":{"self":[{"href":"https:\/\/serviir.com.br\/novosite\/wp-json\/wp\/v2\/posts\/778","targetHints":{"allow":["GET"]}}],"collection":[{"href":"https:\/\/serviir.com.br\/novosite\/wp-json\/wp\/v2\/posts"}],"about":[{"href":"https:\/\/serviir.com.br\/novosite\/wp-json\/wp\/v2\/types\/post"}],"author":[{"embeddable":true,"href":"https:\/\/serviir.com.br\/novosite\/wp-json\/wp\/v2\/users\/3"}],"replies":[{"embeddable":true,"href":"https:\/\/serviir.com.br\/novosite\/wp-json\/wp\/v2\/comments?post=778"}],"version-history":[{"count":1,"href":"https:\/\/serviir.com.br\/novosite\/wp-json\/wp\/v2\/posts\/778\/revisions"}],"predecessor-version":[{"id":781,"href":"https:\/\/serviir.com.br\/novosite\/wp-json\/wp\/v2\/posts\/778\/revisions\/781"}],"wp:featuredmedia":[{"embeddable":true,"href":"https:\/\/serviir.com.br\/novosite\/wp-json\/wp\/v2\/media\/780"}],"wp:attachment":[{"href":"https:\/\/serviir.com.br\/novosite\/wp-json\/wp\/v2\/media?parent=778"}],"wp:term":[{"taxonomy":"category","embeddable":true,"href":"https:\/\/serviir.com.br\/novosite\/wp-json\/wp\/v2\/categories?post=778"},{"taxonomy":"post_tag","embeddable":true,"href":"https:\/\/serviir.com.br\/novosite\/wp-json\/wp\/v2\/tags?post=778"}],"curies":[{"name":"wp","href":"https:\/\/api.w.org\/{rel}","templated":true}]}}